{"id":10018,"date":"2014-01-12T19:56:22","date_gmt":"2014-01-12T18:56:22","guid":{"rendered":"http:\/\/sajec.de\/blog\/?p=10018"},"modified":"2014-01-12T19:56:22","modified_gmt":"2014-01-12T18:56:22","slug":"supernatural-season-1-und-ein-vlog-projekt","status":"publish","type":"post","link":"https:\/\/sajec.de\/blog\/supernatural-season-1-und-ein-vlog-projekt\/","title":{"rendered":"Supernatural Season 1 und ein VLog-Projekt"},"content":{"rendered":"<p>Zur Erkl\u00e4rung:<\/p>\n<p>Seit einigen Wochen verfolge ich einen bestimmten Vlog auf YT. Ein Vlog ist so etwas wie ein Blog, nur eben in Video-Form. Kurz dachte ich auch dar\u00fcber nach, zumindest ab und an hier VIDs mit den Status-Updates einzubinden, verwarf das dann aber gleich wieder aus folgenden Gr\u00fcnden:<\/p>\n<ol>\n<li>Wer will schon mein Gelaber h\u00f6ren? Ich wei\u00df ja nicht mal, ob das jemand liest.<\/li>\n<li>Es w\u00fcrde vermutlich immer Stunden dauern, bis ich mit einem VID zufrieden w\u00e4re, falls dieser Zustand jemals \u00fcberhaupt erreicht werden k\u00f6nnte. Denn ich finde mich selbst total unvorzeigbar und fange an zu stottern, wenn ich nerv\u00f6s werde. Und nicht nur stottern, ich laber den reinste Unfug.<\/li>\n<li>Schlie\u00dflich w\u00fc\u00dfte ich nicht, wo ich das VID aufnehmen sollte. Hier ist schlicht kein Platz, und ich kann ja auch schlecht die restlichen zwei Karniggel-Family-Members mit einem Schweige-Gel\u00fcbbde verfluchen.<\/li>\n<\/ol>\n<p>Also wird es keinen karniggel-Vlog in naher Zukunft geben. Da aber die liebe @buchprinzessin mich schon auf Twitter fragte, ob ich an ihrem neuen Projekt partizipieren m\u00f6chte und es um supernatural dabei gehen soll, konnte ich schwerlich NEIN sagen. Ich soll folgende Fragen beantworten. Meine Antworten schubs ich immer gleich hinterher.<\/p>\n<ul>\n<li><strong><span style=\"line-height: 1.5em;\">Wie bist du auf Supernatural gekommen?<\/span><\/strong><\/li>\n<\/ul>\n<p>Tja, das ist jetzt (nachrechne) 7 Jahre her bei mir. Ich habe schon immer Buffy, Angel, Akte X geschaut. Eines Tages kam meine Kollegin mit der Nachricht zu mir: &#8222;Schon gelesen? Da kommt jetzt auf Pro Sieben eine neue Serie. \u00c4hnlich wie Buffy, Mystery halt, nur mit zwei Typen!&#8220;<br \/>\nAlso hab ich nat\u00fcrlich eingeschaltet &#8211; und ja, da waren zwei (damals noch blutjunge) J\u00fcngelchen, wobei ich den einen s\u00fc\u00df fand, den anderen so &#8230; naja &#8230; anders halt. *lach* Ihr werdet nie erraten, wer wer ist! Ha! Falsch!, wenn ihr dachtet, ich w\u00e4re von der ersten Sekunde an in DEAN verschossen gewesen. Nein, zu allererst fand ich Sam ganz s\u00fc\u00df. Nun, ich hab die ersten 4 oder auch 5 Folgen der 1. Staffel geschaut, fand Sammy immer noch ganz niedlich, aber so richtig gepackt hatte es mich da noch nicht. Wenn ich mal eine Folge verpasst hatte, war das (noch) kein Weltuntergang, ich konnte gut damit leben.<\/p>\n<ul>\n<li><strong>Dein Lieblingscharakter?<\/strong><\/li>\n<\/ul>\n<p>Das ist jetzt schwer, denn wie bereits beschrieben, war es am Anfang Sam. Die totale Herzumdrehung kam bei mir erst mit einer bestimmten Folge in der 2. Staffel. Ab da war und ist es immer noch DEAN &#8211; DEAN &#8211; DEAN; wobei ich auch offen gestehe: Supernatural funktioniert nur und ausschlie\u00dflich mit den Br\u00fcdern, fehlt einer, w\u00e4re die Serie und die Dynamik kaputt.<\/p>\n<ul>\n<li><strong>Die Beste Folge der ersten Staffel? oder dein Highlight<\/strong><\/li>\n<\/ul>\n<p>Highlight-Folge der ersten Season von supernatural f\u00fcr mich ist definitiv: Bloody Mary; denn die ist wirklich gruselig.<\/p>\n<ul>\n<li><strong><span style=\"line-height: 1.5em;\">Hast du eine lustige Anekdote rund um die erste Supernatural Staffel?<\/span><\/strong><\/li>\n<\/ul>\n<p>Bis auf den bereits erw\u00e4hnten Fakt, dass ich am Anfang tats\u00e4chlich ein kleines SAM-Girly war? Nein. Wobei die erste Staffel noch ein paar witzige kleine Film-\/Schnittfehlerchen aufweist, wie zum Beispiel der hier:<\/p>\n<p><a href=\"http:\/\/sajec.de\/blog\/wp-content\/uploads\/2014\/01\/Filmfehler.jpg\"><img loading=\"lazy\" decoding=\"async\" class=\"alignnone size-full wp-image-10019\" alt=\"Filmfehler\" src=\"http:\/\/sajec.de\/blog\/wp-content\/uploads\/2014\/01\/Filmfehler.jpg\" width=\"850\" height=\"531\" srcset=\"https:\/\/sajec.de\/blog\/wp-content\/uploads\/2014\/01\/Filmfehler.jpg 850w, https:\/\/sajec.de\/blog\/wp-content\/uploads\/2014\/01\/Filmfehler-300x187.jpg 300w, https:\/\/sajec.de\/blog\/wp-content\/uploads\/2014\/01\/Filmfehler-150x93.jpg 150w, https:\/\/sajec.de\/blog\/wp-content\/uploads\/2014\/01\/Filmfehler-400x249.jpg 400w\" sizes=\"auto, (max-width: 850px) 100vw, 850px\" \/><\/a><\/p>\n<ul>\n<li><strong>M\u00f6chtest du sonst noch etwas zur ersten Staffel sagen?<\/strong><\/li>\n<li><strong>Wie gef\u00e4llt dir die erste Staffel?<\/strong><\/li>\n<\/ul>\n<p>Ich h\u00e4tte damals es noch nicht f\u00fcr m\u00f6glich gehalten, dass eine TV Serie derma\u00dfen mein Leben beeinflussen w\u00fcrde! Ohne supernatural w\u00e4re ich vermutlich niemals nach Vancouver und Rom gekommen, h\u00e4tte nicht einmal im Traum daran gedacht, auf CONs irgendwelche Schauspieler zu stalken. Ich stand neben Jensen und Jared (und sie sind beide in real life noch umwerfenderererererer!) *kreisch*. Ich habe viele viele neue Leute kennengelernt, und einige nenne ich heute Freunde. Ich habe mein English ausgegraben und lerne seit 3 Jahren im Montags-Abendkurs, damit ich meine beiden Winchester wirklich perfekt verstehen kann; denn man muss supernatural im Original-Ton schauen! Und ich lernte Musik kennen, die vorher achtlos an meinen Ohren vorbeipl\u00e4tscherte &#8230;<br \/>\n<strong>Die erste Staffel fing noch eher harmlos an<\/strong>; aber was sich daraus entwickelt, ist unglaublich! Sie waren so jung! Bitch! Jerk!\u00a0Supernatural ist eine Serie, die man \u00fcber die Jahre begleiten muss, das Band der Br\u00fcder f\u00fchlen und aufnehmen &#8230;<br \/>\nIch f\u00fcrchte den Tag, an dem sie f\u00fcr immer zu Ende gehen wird, und wei\u00df doch genau, dass auch dieser Tag kommen wird. Aber noch ist es nicht so weit! Noch darf mein Herz mitfiebern, ich mir die Fingern\u00e4gel abknabbern und immer ein bisschen zu besorgt sein um DEAN und um seinen little brother und um den nerdigen Angel &#8230; \u00a0Supernatural ist bei mir mehr als Liebe &#8230; es ist eine Obsession! Und ich m\u00f6chte niemals davon exorziert werden!<\/p>\n<p>Ich werde gerade pathetisch, theatralisch und zu emotional! <strong>Supernatural is LOVE!<\/strong><\/p>\n","protected":false},"excerpt":{"rendered":"<p>Zur Erkl\u00e4rung: Seit einigen Wochen verfolge ich einen bestimmten Vlog auf YT. Ein Vlog ist so etwas wie ein Blog, nur eben in Video-Form. Kurz dachte ich auch dar\u00fcber nach, zumindest ab und an hier VIDs mit den Status-Updates einzubinden, &hellip; <a href=\"https:\/\/sajec.de\/blog\/supernatural-season-1-und-ein-vlog-projekt\/\">Weiterlesen <span class=\"meta-nav\">&rarr;<\/span><\/a><\/p>\n","protected":false},"author":2,"featured_media":0,"comment_status":"open","ping_status":"open","sticky":false,"template":"","format":"standard","meta":{"ngg_post_thumbnail":0,"footnotes":""},"categories":[6],"tags":[],"class_list":["post-10018","post","type-post","status-publish","format-standard","hentry","category-supernatural"],"_links":{"self":[{"href":"https:\/\/sajec.de\/blog\/wp-json\/wp\/v2\/posts\/10018","targetHints":{"allow":["GET"]}}],"collection":[{"href":"https:\/\/sajec.de\/blog\/wp-json\/wp\/v2\/posts"}],"about":[{"href":"https:\/\/sajec.de\/blog\/wp-json\/wp\/v2\/types\/post"}],"author":[{"embeddable":true,"href":"https:\/\/sajec.de\/blog\/wp-json\/wp\/v2\/users\/2"}],"replies":[{"embeddable":true,"href":"https:\/\/sajec.de\/blog\/wp-json\/wp\/v2\/comments?post=10018"}],"version-history":[{"count":1,"href":"https:\/\/sajec.de\/blog\/wp-json\/wp\/v2\/posts\/10018\/revisions"}],"predecessor-version":[{"id":10020,"href":"https:\/\/sajec.de\/blog\/wp-json\/wp\/v2\/posts\/10018\/revisions\/10020"}],"wp:attachment":[{"href":"https:\/\/sajec.de\/blog\/wp-json\/wp\/v2\/media?parent=10018"}],"wp:term":[{"taxonomy":"category","embeddable":true,"href":"https:\/\/sajec.de\/blog\/wp-json\/wp\/v2\/categories?post=10018"},{"taxonomy":"post_tag","embeddable":true,"href":"https:\/\/sajec.de\/blog\/wp-json\/wp\/v2\/tags?post=10018"}],"curies":[{"name":"wp","href":"https:\/\/api.w.org\/{rel}","templated":true}]}}