{"id":10113,"date":"2014-02-13T16:21:12","date_gmt":"2014-02-13T15:21:12","guid":{"rendered":"http:\/\/sajec.de\/blog\/?p=10113"},"modified":"2014-02-13T16:21:12","modified_gmt":"2014-02-13T15:21:12","slug":"status-update-zwischendurch","status":"publish","type":"post","link":"https:\/\/sajec.de\/blog\/status-update-zwischendurch\/","title":{"rendered":"Status-Update zwischendurch"},"content":{"rendered":"<p>Das war aber eine<strong> eilige erste Arbeitswoche<\/strong> nach der OP! Schon ist wieder Donnerstag, quasi fast Wochenende. Mit ein paar Talfahrten (besonders der Dienstag war anstrengend) zwischendurch f\u00fchle ich mich aber prima; zwar immer noch verschnupft und maanchmal kratzt es im Hals, au\u00dferdem muss ich das eine oder andere Mal meine Fl\u00fcgel ausbreiten und meine Schultern l\u00fcften; aber alles in allem f\u00fchle ich mich gro\u00dfartig. Nur Sport habe ich noch keinen gemacht. Vielleicht gehe ich ja morgen Abend noch <strong>Schwimmen<\/strong>. Nun sind mir ja endlich keine Hindernisse mehr gesetzt, vor allem was das Schwimmen betrifft. Das gr\u00f6\u00dfte Hindernis wird in Zukunft nur noch meine eigene Faulheit und Bequemlichkeit sein. Aber Schwimmen klingt f\u00fcr Freitag als Plan gut; nach dem B\u00fcrotag (der etwas l\u00e4nger als \u00fcblich sein wird) und nach dem \u00fcblichen Freitagshausputztturn tut Schwimmen bestimmt gut.<\/p>\n<p>Ansonsten denke ich immer noch (wie k\u00f6nnte es auch anders sein) \u00fcber <strong>supernatural<\/strong> nach, und wo uns die Schreiber in der 9. Staffel hinf\u00fchren wollen. Ja, so was besch\u00e4ftigt mich! Mache mir einfach Sorgen um Dean! Wie viel soll und kann er denn noch ertragen?<br \/>\nDa tut es ganz gut, wenn man heute Morgen auf Twitter mit einem supernatural-Torte-ins-Gesicht-Video begr\u00fc\u00dft wird. J2 haben Misha mal wieder gekriegt. *lach* Zu herrlich. Aber Misha schwor Rache. Na, da bin ich ja gespannt. Jedenfalls tut es aber soooooo unendlich gut zu sehen, dass Crew &amp; Cast selbst im 10. Jahr von supernatural noch verspielt sind und Spa\u00df haben &#8230; denn dann ist eine 11. (12., &#8230;) Staffel gar nicht mehr soooooo utopisch undenkbar. \ud83d\ude42<\/p>\n<p>Damit w\u00e4ren wir auch schon beim richtigen Thema &#8212;&gt; unkontrollierbare Emotionen! Passiert es mir doch vorgestern Nacht, als ich bereits im Bett auf meiner Ohrsocke lag und die Radiostationen wie gewohnt durchzappte, dass ich auf Michael Bubl\u00e9 traf. Musikalisch gesehen. Nun mag ich Michael Bubl\u00e9 und auch wenn ich auf der Ohrsocke liegend Labersendungen bevorzuge, zappte ich dann doch nicht weg, sondern h\u00f6rte zu. Dann war It&#8217;s A Beautiful Day vorbei und der Moderator \u00fcbernahm wieder das Mikro; sprach davon, dass MB ja aus Canada und zwar genauer aus British Columbia stammt, dort aufgewachsen ist &#8230; und dann fing er an, die dortige Landschaft zu beschreiben. Und ich heulte los! <strong>Heulte los!<\/strong> <strong>Aus reinster Sehnsucht auf Canada!<\/strong> V\u00f6llig gaga! Die Tr\u00e4nen kullerten, als die vielen Bilder wieder auf mich einst\u00fcrtzten, von den W\u00e4ldern und Seen, den Rocky Mountains, den Wasserf\u00e4llen &#8230; Ich <del>will<\/del> werde eines Tages wieder nach Canada zur\u00fcckkehren! Ganz bestimmt!<br \/>\nJedenfalls bin ich die Tage urpl\u00f6tzlich seltsam sentimental.<\/p>\n","protected":false},"excerpt":{"rendered":"<p>Das war aber eine eilige erste Arbeitswoche nach der OP! Schon ist wieder Donnerstag, quasi fast Wochenende. Mit ein paar Talfahrten (besonders der Dienstag war anstrengend) zwischendurch f\u00fchle ich mich aber prima; zwar immer noch verschnupft und maanchmal kratzt es &hellip; <a href=\"https:\/\/sajec.de\/blog\/status-update-zwischendurch\/\">Weiterlesen <span class=\"meta-nav\">&rarr;<\/span><\/a><\/p>\n","protected":false},"author":2,"featured_media":0,"comment_status":"open","ping_status":"open","sticky":false,"template":"","format":"standard","meta":{"ngg_post_thumbnail":0,"footnotes":""},"categories":[1,24,6,19],"tags":[],"class_list":["post-10113","post","type-post","status-publish","format-standard","hentry","category-tagebuch","category-status","category-supernatural","category-vancouver"],"_links":{"self":[{"href":"https:\/\/sajec.de\/blog\/wp-json\/wp\/v2\/posts\/10113","targetHints":{"allow":["GET"]}}],"collection":[{"href":"https:\/\/sajec.de\/blog\/wp-json\/wp\/v2\/posts"}],"about":[{"href":"https:\/\/sajec.de\/blog\/wp-json\/wp\/v2\/types\/post"}],"author":[{"embeddable":true,"href":"https:\/\/sajec.de\/blog\/wp-json\/wp\/v2\/users\/2"}],"replies":[{"embeddable":true,"href":"https:\/\/sajec.de\/blog\/wp-json\/wp\/v2\/comments?post=10113"}],"version-history":[{"count":1,"href":"https:\/\/sajec.de\/blog\/wp-json\/wp\/v2\/posts\/10113\/revisions"}],"predecessor-version":[{"id":10114,"href":"https:\/\/sajec.de\/blog\/wp-json\/wp\/v2\/posts\/10113\/revisions\/10114"}],"wp:attachment":[{"href":"https:\/\/sajec.de\/blog\/wp-json\/wp\/v2\/media?parent=10113"}],"wp:term":[{"taxonomy":"category","embeddable":true,"href":"https:\/\/sajec.de\/blog\/wp-json\/wp\/v2\/categories?post=10113"},{"taxonomy":"post_tag","embeddable":true,"href":"https:\/\/sajec.de\/blog\/wp-json\/wp\/v2\/tags?post=10113"}],"curies":[{"name":"wp","href":"https:\/\/api.w.org\/{rel}","templated":true}]}}