{"id":10272,"date":"2014-04-06T14:05:27","date_gmt":"2014-04-06T12:05:27","guid":{"rendered":"http:\/\/sajec.de\/blog\/?p=10272"},"modified":"2014-04-06T14:11:28","modified_gmt":"2014-04-06T12:11:28","slug":"ein-musikalischer-abend","status":"publish","type":"post","link":"https:\/\/sajec.de\/blog\/ein-musikalischer-abend\/","title":{"rendered":"Ein musikalischer Abend"},"content":{"rendered":"<p>War lange nicht mehr ausgegangen. Warum also nicht einmal ein Klavierabend in der Jahnhalle? Ein junger (sehr junger) Komponist, <strong>Jonas Gewald<\/strong>, hatte geladen &#8211; und verzauberte. Er war sichtlich nerv\u00f6s, was r\u00fchrend wirkte. Sein erstes Konzert vor ca. 60 Leuten, ich war eine davon. Und ja, ich habe mir seine CD gekauft und mir darauf ein Autogramm geben lassen, was ihn verwirrte. Er musste erst einmal einen Stift suchen gehen. *lach* Das Publikum war erstaunlich durchwachsen, s\u00e4mtliche Generationen, und nur die H\u00e4lfte davon sah aus, als h\u00e4tten sie eine Wette verloren. 3 St\u00fccke wurden &#8222;als Band&#8220; pr\u00e4sentiert, zwei ebenfalls sehr junge Musiker, einer an der Gitarre, der andere an einer Art Waschtrommel, deren Name ich vergessen habe. Aber es klang unerwartet zauberhaft.<\/p>\n<p>F\u00fcr die Neugierigen: <a title=\"Einfach hier klicken und reinh\u00f6ren.\" href=\"http:\/\/www.youtube.com\/watch?v=05bpOq1B1ZU\" target=\"_blank\">Einfach hier klicken und reinh\u00f6ren.<\/a><\/p>\n<p><a href=\"http:\/\/sajec.de\/blog\/wp-content\/uploads\/2014\/04\/JonasGewald.jpg\"><img loading=\"lazy\" decoding=\"async\" class=\"alignnone size-full wp-image-10274\" alt=\"JonasGewald\" src=\"http:\/\/sajec.de\/blog\/wp-content\/uploads\/2014\/04\/JonasGewald.jpg\" width=\"800\" height=\"600\" srcset=\"https:\/\/sajec.de\/blog\/wp-content\/uploads\/2014\/04\/JonasGewald.jpg 800w, https:\/\/sajec.de\/blog\/wp-content\/uploads\/2014\/04\/JonasGewald-300x225.jpg 300w, https:\/\/sajec.de\/blog\/wp-content\/uploads\/2014\/04\/JonasGewald-150x112.jpg 150w, https:\/\/sajec.de\/blog\/wp-content\/uploads\/2014\/04\/JonasGewald-400x300.jpg 400w\" sizes=\"auto, (max-width: 800px) 100vw, 800px\" \/><\/a><\/p>\n<p><span style=\"font-size: 14px; line-height: 1.5em;\">Hab mich nicht getraut, w\u00e4hrend seines Konzertes zu fotografieren. So was macht man doch auch nicht, oder? \ud83d\ude00\u00a0<\/span><\/p>\n","protected":false},"excerpt":{"rendered":"<p>War lange nicht mehr ausgegangen. Warum also nicht einmal ein Klavierabend in der Jahnhalle? Ein junger (sehr junger) Komponist, Jonas Gewald, hatte geladen &#8211; und verzauberte. Er war sichtlich nerv\u00f6s, was r\u00fchrend wirkte. Sein erstes Konzert vor ca. 60 Leuten, &hellip; <a href=\"https:\/\/sajec.de\/blog\/ein-musikalischer-abend\/\">Weiterlesen <span class=\"meta-nav\">&rarr;<\/span><\/a><\/p>\n","protected":false},"author":2,"featured_media":0,"comment_status":"open","ping_status":"open","sticky":false,"template":"","format":"standard","meta":{"ngg_post_thumbnail":0,"footnotes":""},"categories":[1],"tags":[],"class_list":["post-10272","post","type-post","status-publish","format-standard","hentry","category-tagebuch"],"_links":{"self":[{"href":"https:\/\/sajec.de\/blog\/wp-json\/wp\/v2\/posts\/10272","targetHints":{"allow":["GET"]}}],"collection":[{"href":"https:\/\/sajec.de\/blog\/wp-json\/wp\/v2\/posts"}],"about":[{"href":"https:\/\/sajec.de\/blog\/wp-json\/wp\/v2\/types\/post"}],"author":[{"embeddable":true,"href":"https:\/\/sajec.de\/blog\/wp-json\/wp\/v2\/users\/2"}],"replies":[{"embeddable":true,"href":"https:\/\/sajec.de\/blog\/wp-json\/wp\/v2\/comments?post=10272"}],"version-history":[{"count":6,"href":"https:\/\/sajec.de\/blog\/wp-json\/wp\/v2\/posts\/10272\/revisions"}],"predecessor-version":[{"id":10279,"href":"https:\/\/sajec.de\/blog\/wp-json\/wp\/v2\/posts\/10272\/revisions\/10279"}],"wp:attachment":[{"href":"https:\/\/sajec.de\/blog\/wp-json\/wp\/v2\/media?parent=10272"}],"wp:term":[{"taxonomy":"category","embeddable":true,"href":"https:\/\/sajec.de\/blog\/wp-json\/wp\/v2\/categories?post=10272"},{"taxonomy":"post_tag","embeddable":true,"href":"https:\/\/sajec.de\/blog\/wp-json\/wp\/v2\/tags?post=10272"}],"curies":[{"name":"wp","href":"https:\/\/api.w.org\/{rel}","templated":true}]}}