{"id":10426,"date":"2014-04-19T11:34:47","date_gmt":"2014-04-19T09:34:47","guid":{"rendered":"http:\/\/sajec.de\/blog\/?p=10426"},"modified":"2014-04-19T11:37:32","modified_gmt":"2014-04-19T09:37:32","slug":"bleistifttraeume","status":"publish","type":"post","link":"https:\/\/sajec.de\/blog\/bleistifttraeume\/","title":{"rendered":"Bleistifttr\u00e4ume"},"content":{"rendered":"<p>Seit einigen <del>Tagen<\/del> N\u00e4chten tr\u00e4ume ich in bewegten Bleistiftbildern. Schwarz-wei\u00df, hingekritzelt wie Skizzen einer Momentaufnahme. Aus einem Wulst aus Strichen und Punkten entfaltet sich\u00a0ein Bild, f\u00fcr Augenblicke klar und deutlich, mit Gef\u00fchlen\u00a0untermalt, bevor es &#8211; langsam aber unaufhaltsam zerkn\u00fcllt wird und im Chaos aus tanzenden Strichen verblasst. Das Gef\u00fchl jedoch bleibt, und manchmal \u00fcberlebt auch ein Bruchst\u00fcck der Traumskizze. Ich w\u00fcnschte, ich k\u00f6nnte es zeichnen. Vielleicht kann ich es mit Worten zeichnen?<\/p>\n<p style=\"padding-left: 30px;\">Da ist ein\u00a0mittelalterlicher S\u00e4ulengang in der D\u00e4mmerung, scheinbar ohne Anfang, ohne Ende. Efeubl\u00e4tter ranken sich an den S\u00e4ulen empor, verschmelzen mit der\u00a0m\u00e4chtigen Steinmauer im Hintergrund. Im Schatten einer S\u00e4ule, kaum erkennbar, ein kleiner Junge mit gro\u00dfen, dunklen Augen, aus denen Angst blickt, aber auch Neugier und der Mut, aus dem Schatten herauszutreten &#8211; oder sofort wegzulaufen. Der Junge schaut mich an, w\u00e4hrend er die S\u00e4ule mit \u00a0beiden\u00a0Armen umklammert h\u00e4lt. Seine H\u00e4nde sind zerschunden, sein Haar ist schmutzig und strubbelig, seine Kleidung zerrissen. Ein Schatten zieht \u00fcber sein Gesicht, das Funkeln seiner Augen erlischt. Trauer und Hoffnungslosigkeit \u00fcberfluten mich. Vorsichtig gehe ich einen Schritt auf den Jungen zu, doch es ist zu sp\u00e4t &#8230;<\/p>\n","protected":false},"excerpt":{"rendered":"<p>Seit einigen Tagen N\u00e4chten tr\u00e4ume ich in bewegten Bleistiftbildern. Schwarz-wei\u00df, hingekritzelt wie Skizzen einer Momentaufnahme. Aus einem Wulst aus Strichen und Punkten entfaltet sich\u00a0ein Bild, f\u00fcr Augenblicke klar und deutlich, mit Gef\u00fchlen\u00a0untermalt, bevor es &#8211; langsam aber unaufhaltsam zerkn\u00fcllt wird &hellip; <a href=\"https:\/\/sajec.de\/blog\/bleistifttraeume\/\">Weiterlesen <span class=\"meta-nav\">&rarr;<\/span><\/a><\/p>\n","protected":false},"author":2,"featured_media":0,"comment_status":"open","ping_status":"open","sticky":false,"template":"","format":"standard","meta":{"ngg_post_thumbnail":0,"footnotes":""},"categories":[7],"tags":[],"class_list":["post-10426","post","type-post","status-publish","format-standard","hentry","category-traumsequenzen"],"_links":{"self":[{"href":"https:\/\/sajec.de\/blog\/wp-json\/wp\/v2\/posts\/10426","targetHints":{"allow":["GET"]}}],"collection":[{"href":"https:\/\/sajec.de\/blog\/wp-json\/wp\/v2\/posts"}],"about":[{"href":"https:\/\/sajec.de\/blog\/wp-json\/wp\/v2\/types\/post"}],"author":[{"embeddable":true,"href":"https:\/\/sajec.de\/blog\/wp-json\/wp\/v2\/users\/2"}],"replies":[{"embeddable":true,"href":"https:\/\/sajec.de\/blog\/wp-json\/wp\/v2\/comments?post=10426"}],"version-history":[{"count":2,"href":"https:\/\/sajec.de\/blog\/wp-json\/wp\/v2\/posts\/10426\/revisions"}],"predecessor-version":[{"id":10428,"href":"https:\/\/sajec.de\/blog\/wp-json\/wp\/v2\/posts\/10426\/revisions\/10428"}],"wp:attachment":[{"href":"https:\/\/sajec.de\/blog\/wp-json\/wp\/v2\/media?parent=10426"}],"wp:term":[{"taxonomy":"category","embeddable":true,"href":"https:\/\/sajec.de\/blog\/wp-json\/wp\/v2\/categories?post=10426"},{"taxonomy":"post_tag","embeddable":true,"href":"https:\/\/sajec.de\/blog\/wp-json\/wp\/v2\/tags?post=10426"}],"curies":[{"name":"wp","href":"https:\/\/api.w.org\/{rel}","templated":true}]}}