{"id":10831,"date":"2014-06-29T10:49:00","date_gmt":"2014-06-29T08:49:00","guid":{"rendered":"http:\/\/sajec.de\/blog\/?p=10831"},"modified":"2014-06-29T11:20:00","modified_gmt":"2014-06-29T09:20:00","slug":"das-traumtagebuch","status":"publish","type":"post","link":"https:\/\/sajec.de\/blog\/das-traumtagebuch\/","title":{"rendered":"Das Traumtagebuch"},"content":{"rendered":"<p>In letzter Zeit scheint es, als wenn ich nicht mehr tr\u00e4umte. Nat\u00fcrlich tr\u00e4ume ich, wie jeder Mensch, doch am Morgen danach bleiben nicht einmal mehr Traumfetzen \u00fcbrig. In einem Moment waren die Traumbilder noch da, schwache, sehr schwache Echosignale aus einer anderen Welt, und im\u00a0n\u00e4chsten Augenblick verblassen sie, verschwinden und sind verloren. Zur\u00fcck bleibt ein Gef\u00fchl, ein verwundertes Erahnen, was in dem Traumuniversum passiert sein k\u00f6nnte. Um die Traumpuzzelteile nicht zu verlieren, liegt seit einigen\u00a0Wochen ein kleines Notizb\u00fcchlein auf meinem\u00a0Nachtschrank. Doch es blieb leer &#8211; bisher. Das Vergessen war immer schneller. Heute Morgen jedoch habe ich die ersten Stichpunkte eingetragen:<\/p>\n<ul>\n<li>roter Rasen<\/li>\n<li>Brautkleid<\/li>\n<li>Bett-Trampolin<\/li>\n<li>Flucht in einem sinkenden Schiff<\/li>\n<\/ul>\n<p>Aber &#8230; wieso?<\/p>\n<p><a href=\"http:\/\/sajec.de\/blog\/wp-content\/uploads\/2014\/06\/Traumbild29062014.jpg\"><img loading=\"lazy\" decoding=\"async\" class=\"alignnone size-full wp-image-10837\" src=\"http:\/\/sajec.de\/blog\/wp-content\/uploads\/2014\/06\/Traumbild29062014.jpg\" alt=\"Traumbild29062014\" width=\"850\" height=\"567\" srcset=\"https:\/\/sajec.de\/blog\/wp-content\/uploads\/2014\/06\/Traumbild29062014.jpg 850w, https:\/\/sajec.de\/blog\/wp-content\/uploads\/2014\/06\/Traumbild29062014-300x200.jpg 300w, https:\/\/sajec.de\/blog\/wp-content\/uploads\/2014\/06\/Traumbild29062014-150x100.jpg 150w, https:\/\/sajec.de\/blog\/wp-content\/uploads\/2014\/06\/Traumbild29062014-400x266.jpg 400w\" sizes=\"auto, (max-width: 850px) 100vw, 850px\" \/><\/a><\/p>\n","protected":false},"excerpt":{"rendered":"<p>In letzter Zeit scheint es, als wenn ich nicht mehr tr\u00e4umte. Nat\u00fcrlich tr\u00e4ume ich, wie jeder Mensch, doch am Morgen danach bleiben nicht einmal mehr Traumfetzen \u00fcbrig. In einem Moment waren die Traumbilder noch da, schwache, sehr schwache Echosignale aus &hellip; <a href=\"https:\/\/sajec.de\/blog\/das-traumtagebuch\/\">Weiterlesen <span class=\"meta-nav\">&rarr;<\/span><\/a><\/p>\n","protected":false},"author":2,"featured_media":0,"comment_status":"open","ping_status":"open","sticky":false,"template":"","format":"standard","meta":{"ngg_post_thumbnail":0,"footnotes":""},"categories":[7],"tags":[],"class_list":["post-10831","post","type-post","status-publish","format-standard","hentry","category-traumsequenzen"],"_links":{"self":[{"href":"https:\/\/sajec.de\/blog\/wp-json\/wp\/v2\/posts\/10831","targetHints":{"allow":["GET"]}}],"collection":[{"href":"https:\/\/sajec.de\/blog\/wp-json\/wp\/v2\/posts"}],"about":[{"href":"https:\/\/sajec.de\/blog\/wp-json\/wp\/v2\/types\/post"}],"author":[{"embeddable":true,"href":"https:\/\/sajec.de\/blog\/wp-json\/wp\/v2\/users\/2"}],"replies":[{"embeddable":true,"href":"https:\/\/sajec.de\/blog\/wp-json\/wp\/v2\/comments?post=10831"}],"version-history":[{"count":3,"href":"https:\/\/sajec.de\/blog\/wp-json\/wp\/v2\/posts\/10831\/revisions"}],"predecessor-version":[{"id":10838,"href":"https:\/\/sajec.de\/blog\/wp-json\/wp\/v2\/posts\/10831\/revisions\/10838"}],"wp:attachment":[{"href":"https:\/\/sajec.de\/blog\/wp-json\/wp\/v2\/media?parent=10831"}],"wp:term":[{"taxonomy":"category","embeddable":true,"href":"https:\/\/sajec.de\/blog\/wp-json\/wp\/v2\/categories?post=10831"},{"taxonomy":"post_tag","embeddable":true,"href":"https:\/\/sajec.de\/blog\/wp-json\/wp\/v2\/tags?post=10831"}],"curies":[{"name":"wp","href":"https:\/\/api.w.org\/{rel}","templated":true}]}}