{"id":11073,"date":"2014-08-06T16:53:28","date_gmt":"2014-08-06T14:53:28","guid":{"rendered":"http:\/\/sajec.de\/blog\/?p=11073"},"modified":"2014-08-06T19:46:29","modified_gmt":"2014-08-06T17:46:29","slug":"moll-toene-in-der-seele","status":"publish","type":"post","link":"https:\/\/sajec.de\/blog\/moll-toene-in-der-seele\/","title":{"rendered":"Moll-T\u00f6ne in der Seele"},"content":{"rendered":"<p>Vielleicht ist es ein universelles Seelengesetz, dass, wann immer ich mich tage- oder gar wochenlang pudelwohl f\u00fchlte, die Tage fast perfekt schienen, unausweichlich danach dunkle Seelenwolken oder eben Moll-T\u00f6ne aufziehen und alles zuvor Sch\u00f6ne, fast Perfekte, verdunkeln, einnebeln, eintr\u00fcben und schm\u00e4lern. Diese bleiernede M\u00fcdigkeit im Inneren, die pl\u00f6tzliche Kraftlosigkeit und unbeschreibliche Traurigkeit in einem, die ich nicht fassen oder definieren kann, f\u00fcr die es keine Begr\u00fcndung zu geben scheint; die einfach da ist und sich schwer macht und mich schwer macht. Dann lausche ich in mich hinein und stelle mir die Frage: &#8218;Bin ich gl\u00fccklich?&#8216; Und m\u00f6chte weder ein striktes NEIN noch ein absolutes JA darauf antworten; irgendwas dazwischen, als wenn etwas fehlt, und ich wei\u00df nicht, was! Als wenn ich mich nach etwas sehne, aber ich wei\u00df nicht wonach.<\/p>\n<p><img loading=\"lazy\" decoding=\"async\" class=\"aligncenter size-full wp-image-11085\" src=\"http:\/\/sajec.de\/blog\/wp-content\/uploads\/2014\/08\/Moll_Streifen7.jpg\" alt=\"Moll_Streifen7\" width=\"850\" height=\"26\" srcset=\"https:\/\/sajec.de\/blog\/wp-content\/uploads\/2014\/08\/Moll_Streifen7.jpg 850w, https:\/\/sajec.de\/blog\/wp-content\/uploads\/2014\/08\/Moll_Streifen7-300x9.jpg 300w, https:\/\/sajec.de\/blog\/wp-content\/uploads\/2014\/08\/Moll_Streifen7-150x4.jpg 150w, https:\/\/sajec.de\/blog\/wp-content\/uploads\/2014\/08\/Moll_Streifen7-400x12.jpg 400w\" sizes=\"auto, (max-width: 850px) 100vw, 850px\" \/><\/p>\n<p>Sicherlich sind die <strong>B\u00fcroarbeitstage<\/strong> &#8211; vor allem bei den gerade herrschenden Sommertemperaturen &#8211; anstrengend.<\/p>\n<p style=\"padding-left: 30px;\">Aber Hey! Es ist Sommer (ich werde mich nicht beschweren), unternehme m\u00f6glichst viel, auch ganz f\u00fcr mich allein. Am Freitag zum Beispiel werde ich mal wieder morgens mit dem Fahrrad ins B\u00fcro fahren. Darauf freue ich mich! Ernsthaft, ich freue mich; denn wenn ich ganz viel Gl\u00fcck habe, bekommt meine kleine Nikon wundervolle Morgennebelbilder vor die Linse.<\/p>\n<p><img loading=\"lazy\" decoding=\"async\" class=\"aligncenter wp-image-11084 size-full\" src=\"http:\/\/sajec.de\/blog\/wp-content\/uploads\/2014\/08\/Moll_Streifen6.jpg\" alt=\"Moll_Streifen6\" width=\"850\" height=\"26\" srcset=\"https:\/\/sajec.de\/blog\/wp-content\/uploads\/2014\/08\/Moll_Streifen6.jpg 850w, https:\/\/sajec.de\/blog\/wp-content\/uploads\/2014\/08\/Moll_Streifen6-300x9.jpg 300w, https:\/\/sajec.de\/blog\/wp-content\/uploads\/2014\/08\/Moll_Streifen6-150x4.jpg 150w, https:\/\/sajec.de\/blog\/wp-content\/uploads\/2014\/08\/Moll_Streifen6-400x12.jpg 400w\" sizes=\"auto, (max-width: 850px) 100vw, 850px\" \/><\/p>\n<p>Sicherlich ist da auch die <strong>Sehnsucht<\/strong> nach Vancouver,<\/p>\n<p style=\"padding-left: 30px;\">denn nun ist es schon fast zwei Jahre her, dass ich auf dieses Abenteuer ging! Zwei Jahre! Wie die Zeit verfliegt! Und noch immer l\u00e4sst mich dieses Land nicht los; Canada ist so faszinierend vielf\u00e4ltig, dass sich jede Faser in mir danach zur\u00fccksehnt. Dann zu wissen, dass meine zwei damaligen Vancouver-Buddys sich gerade jetzt darauf vorbereiten, in knapp zwei Wochen wieder das &#8222;heilige supernatural-Land&#8220; zu betreten, und ich kann nicht dabei sein &#8230;\u00a0 *seufz* &#8230; Ich wei\u00df ja nicht einmal, ob ich es 2015 oder 2016 schaffen werde &#8230;<\/p>\n<p><img loading=\"lazy\" decoding=\"async\" class=\"aligncenter wp-image-11083 size-full\" src=\"http:\/\/sajec.de\/blog\/wp-content\/uploads\/2014\/08\/Moll_Streifen5.jpg\" alt=\"Moll_Streifen5\" width=\"850\" height=\"26\" srcset=\"https:\/\/sajec.de\/blog\/wp-content\/uploads\/2014\/08\/Moll_Streifen5.jpg 850w, https:\/\/sajec.de\/blog\/wp-content\/uploads\/2014\/08\/Moll_Streifen5-300x9.jpg 300w, https:\/\/sajec.de\/blog\/wp-content\/uploads\/2014\/08\/Moll_Streifen5-150x4.jpg 150w, https:\/\/sajec.de\/blog\/wp-content\/uploads\/2014\/08\/Moll_Streifen5-400x12.jpg 400w\" sizes=\"auto, (max-width: 850px) 100vw, 850px\" \/><\/p>\n<p>Sicherlich spielt auch <strong>supernatural<\/strong> einen kleinen Moll-Ton-Part in der Seele mit,<\/p>\n<p style=\"padding-left: 30px;\">denn diese Serie begleitet mich und Sommerpausen sind so anstrengend, mit den vielen Spoiler-Schnippseln, die man hingeworfen bekommt, ohne wirkliche Information (es ist ja alles streng geheim!). Das Warten ist so zerm\u00fcrbend; die Ungeduld, das Bangen, denn in mir drin f\u00fcrchtet ein nicht geringer Teil Schlimmes auf die Winchesters wieder zukommen. (Lacht nicht!)<\/p>\n<p><img loading=\"lazy\" decoding=\"async\" class=\"aligncenter wp-image-11085 size-full\" src=\"http:\/\/sajec.de\/blog\/wp-content\/uploads\/2014\/08\/Moll_Streifen7.jpg\" alt=\"Moll_Streifen7\" width=\"850\" height=\"26\" srcset=\"https:\/\/sajec.de\/blog\/wp-content\/uploads\/2014\/08\/Moll_Streifen7.jpg 850w, https:\/\/sajec.de\/blog\/wp-content\/uploads\/2014\/08\/Moll_Streifen7-300x9.jpg 300w, https:\/\/sajec.de\/blog\/wp-content\/uploads\/2014\/08\/Moll_Streifen7-150x4.jpg 150w, https:\/\/sajec.de\/blog\/wp-content\/uploads\/2014\/08\/Moll_Streifen7-400x12.jpg 400w\" sizes=\"auto, (max-width: 850px) 100vw, 850px\" \/><\/p>\n<p>Die <strong>Sportdisziplin<\/strong><\/p>\n<p style=\"padding-left: 30px;\">kr\u00e4nkelt etwas die Tage. Ich stieg auf die Waage und war unzufrieden; naschte aber gestern z. B. schon wieder Eis und abends auch noch oberleckeres Zwiebelbrot, obwohl der Verstand sagte: Denk an die verflixte Waage! Sonst bist du wieder unzufrieden!<br \/>\nMontag wollte ich Sport machen, aber ich konnte mich nicht aufraffen, h\u00f6rte statt dessen traurige Lieder und sinnierte auf dem Sofa m\u00fcde vor mich hin, w\u00e4hrend der Schweinwuff in Triumpfgeheul ausbrach. Dumme teeniehafte Fragen kreisten durch meinen Kopf: F\u00fcr wen denn? Interessiert es meinen Knuffel? Ist es nicht v\u00f6llig egal, wie ich aussehe und rumlaufe? Ich bin schlie\u00dflich alt und verheiratet und \u00fcberhaupt &#8230; Wozu die Plackerei? Iss mal wieder richtig und ohne schlechtes Gewissen. Wen willst du eigentlich beeindrucken?<\/p>\n<p><img loading=\"lazy\" decoding=\"async\" class=\"aligncenter wp-image-11084 size-full\" src=\"http:\/\/sajec.de\/blog\/wp-content\/uploads\/2014\/08\/Moll_Streifen6.jpg\" alt=\"Moll_Streifen6\" width=\"850\" height=\"26\" srcset=\"https:\/\/sajec.de\/blog\/wp-content\/uploads\/2014\/08\/Moll_Streifen6.jpg 850w, https:\/\/sajec.de\/blog\/wp-content\/uploads\/2014\/08\/Moll_Streifen6-300x9.jpg 300w, https:\/\/sajec.de\/blog\/wp-content\/uploads\/2014\/08\/Moll_Streifen6-150x4.jpg 150w, https:\/\/sajec.de\/blog\/wp-content\/uploads\/2014\/08\/Moll_Streifen6-400x12.jpg 400w\" sizes=\"auto, (max-width: 850px) 100vw, 850px\" \/><\/p>\n<p>Dann ist da noch die <strong>Job-Situation<\/strong>.<\/p>\n<p style=\"padding-left: 30px;\">Was wird kommen? Was sich ver\u00e4ndern? Will ich Ver\u00e4nderungen? Es lief doch mehr oder weniger gut die letzten 12 Jahre. Lief es zu lange gut? Ist es nicht l\u00e4ngst Zeit, sich zu ver\u00e4ndern? Entscheide ich mich richtig, wenn ich mich f\u00fcr <span style=\"text-decoration: underline;\">einen<\/span> Job entscheiden soll?<\/p>\n<p><img loading=\"lazy\" decoding=\"async\" class=\"aligncenter wp-image-11082 size-full\" src=\"http:\/\/sajec.de\/blog\/wp-content\/uploads\/2014\/08\/Moll_Streifen4.jpg\" alt=\"Moll_Streifen4\" width=\"850\" height=\"26\" srcset=\"https:\/\/sajec.de\/blog\/wp-content\/uploads\/2014\/08\/Moll_Streifen4.jpg 850w, https:\/\/sajec.de\/blog\/wp-content\/uploads\/2014\/08\/Moll_Streifen4-300x9.jpg 300w, https:\/\/sajec.de\/blog\/wp-content\/uploads\/2014\/08\/Moll_Streifen4-150x4.jpg 150w, https:\/\/sajec.de\/blog\/wp-content\/uploads\/2014\/08\/Moll_Streifen4-400x12.jpg 400w\" sizes=\"auto, (max-width: 850px) 100vw, 850px\" \/><\/p>\n<p>Das<strong> Bazillus<\/strong> wird bald in ihre eigene Wohnung ziehen,<\/p>\n<p style=\"padding-left: 30px;\">und auch, wenn ich es mittlerweile ebenfalls herbeisehne, denn unsere Ordnungsansichten driften auseinander, so ist doch damit auch ein Punkt im eigenen Leben erreicht, ein Abschnitt, der damit endg\u00fcltig beendet ist. Wir werden mehr Platz haben und niemand wird mehr Badehandt\u00fccher tagelang auf dem Sofa liegen lassen mit der Bemerkung &#8218;H\u00e4tte ich schon noch wegger\u00e4umt!&#8216;<\/p>\n<p><span style=\"color: #800080;\">Und was kommt noch in meinem Leben? Zwischen Job(s) und Haushalt? Bin ich ingesamt auf einem eingefahrenen Gleis, ohne Aussicht auf Ausbruch und Aufregung?<\/span><\/p>\n","protected":false},"excerpt":{"rendered":"<p>Vielleicht ist es ein universelles Seelengesetz, dass, wann immer ich mich tage- oder gar wochenlang pudelwohl f\u00fchlte, die Tage fast perfekt schienen, unausweichlich danach dunkle Seelenwolken oder eben Moll-T\u00f6ne aufziehen und alles zuvor Sch\u00f6ne, fast Perfekte, verdunkeln, einnebeln, eintr\u00fcben und &hellip; <a href=\"https:\/\/sajec.de\/blog\/moll-toene-in-der-seele\/\">Weiterlesen <span class=\"meta-nav\">&rarr;<\/span><\/a><\/p>\n","protected":false},"author":2,"featured_media":0,"comment_status":"open","ping_status":"open","sticky":false,"template":"","format":"standard","meta":{"ngg_post_thumbnail":0,"footnotes":""},"categories":[1],"tags":[],"class_list":["post-11073","post","type-post","status-publish","format-standard","hentry","category-tagebuch"],"_links":{"self":[{"href":"https:\/\/sajec.de\/blog\/wp-json\/wp\/v2\/posts\/11073","targetHints":{"allow":["GET"]}}],"collection":[{"href":"https:\/\/sajec.de\/blog\/wp-json\/wp\/v2\/posts"}],"about":[{"href":"https:\/\/sajec.de\/blog\/wp-json\/wp\/v2\/types\/post"}],"author":[{"embeddable":true,"href":"https:\/\/sajec.de\/blog\/wp-json\/wp\/v2\/users\/2"}],"replies":[{"embeddable":true,"href":"https:\/\/sajec.de\/blog\/wp-json\/wp\/v2\/comments?post=11073"}],"version-history":[{"count":8,"href":"https:\/\/sajec.de\/blog\/wp-json\/wp\/v2\/posts\/11073\/revisions"}],"predecessor-version":[{"id":11088,"href":"https:\/\/sajec.de\/blog\/wp-json\/wp\/v2\/posts\/11073\/revisions\/11088"}],"wp:attachment":[{"href":"https:\/\/sajec.de\/blog\/wp-json\/wp\/v2\/media?parent=11073"}],"wp:term":[{"taxonomy":"category","embeddable":true,"href":"https:\/\/sajec.de\/blog\/wp-json\/wp\/v2\/categories?post=11073"},{"taxonomy":"post_tag","embeddable":true,"href":"https:\/\/sajec.de\/blog\/wp-json\/wp\/v2\/tags?post=11073"}],"curies":[{"name":"wp","href":"https:\/\/api.w.org\/{rel}","templated":true}]}}