{"id":11177,"date":"2014-08-31T16:46:24","date_gmt":"2014-08-31T14:46:24","guid":{"rendered":"http:\/\/sajec.de\/blog\/?p=11177"},"modified":"2014-08-31T16:50:23","modified_gmt":"2014-08-31T14:50:23","slug":"da-geht-er-dahin-der-august","status":"publish","type":"post","link":"https:\/\/sajec.de\/blog\/da-geht-er-dahin-der-august\/","title":{"rendered":"Da geht er dahin, der August"},"content":{"rendered":"<p>&#8230; der sich bereits sehr nach Herbst anf\u00fchlt. War es nicht gerade noch mitten im Sommer? Die Zeit rennt, oder rennt auch nicht, es kommt eben immer auf die Perspektive an und ob man sich gerade w\u00fcnscht,\u00a0dass die Zeit rennt oder doch besser schleicht.<\/p>\n<p>Ich liege auf dem Sofa, dar\u00fcber sinnierend, ob es noch lohnt zur n\u00e4chsten Tankstelle zu spazieren, weil nur noch eine Zigarette in der Schachtel \u00fcbrig ist. Lust habe ich keine, das Sofa zu verlassen, noch dazu, wo ich gerade Mark Knopfler in den Ohren habe. In letzter Zeit h\u00f6re ich vermehrt Mark Knopfler, und mit jedem H\u00f6ren nimmt mich diese Musik mehr gefangen. Man kann so sch\u00f6n weglaufen mit dieser Musik.<\/p>\n<p>Womit wir beim Thema Sport w\u00e4ren: Der August war eher durchwachsen, wenn man ihn von der sportlichen Seite betrachtet. Es gab Wochen, in denen die Faulheit siegte. Und es gab den Anflug von Schnupfen.<\/p>\n<p><img loading=\"lazy\" decoding=\"async\" class=\"alignnone size-full wp-image-11178\" src=\"http:\/\/sajec.de\/blog\/wp-content\/uploads\/2014\/08\/Statistik_August_2014.jpg\" alt=\"Statistik_August_2014\" width=\"545\" height=\"334\" srcset=\"https:\/\/sajec.de\/blog\/wp-content\/uploads\/2014\/08\/Statistik_August_2014.jpg 545w, https:\/\/sajec.de\/blog\/wp-content\/uploads\/2014\/08\/Statistik_August_2014-300x183.jpg 300w, https:\/\/sajec.de\/blog\/wp-content\/uploads\/2014\/08\/Statistik_August_2014-150x91.jpg 150w, https:\/\/sajec.de\/blog\/wp-content\/uploads\/2014\/08\/Statistik_August_2014-400x245.jpg 400w\" sizes=\"auto, (max-width: 545px) 100vw, 545px\" \/><\/p>\n<p>Sie k\u00f6nnte besser aussehen, die Auguststatistik. In den letzten Tagen\/Wochen ertappte ich mich \u00f6fters dabei, wieder in lethargische M\u00fcdigkeit zu fallen. Besonders abends, nach den B\u00fcrojobs. Dann ist es wirklich ein Aufraffen, um Laufen zu gehen. Wobei das letzte Laufen wirklich gut war: \u00dcber 8 km in etwas \u00fcber einer\u00a0Stunde.<\/p>\n<p>Letzte Nacht habe ich endlich wieder einmal getr\u00e4umt, und zwar so getr\u00e4umt, dass das Traumgef\u00fchl auch nach dem Aufwachen noch da war und sich nicht verfl\u00fcchtigte. Es war so ein sch\u00f6ner Traum, inspiriert von dem Cinderella-M\u00e4rchen-Film im Rom der 1950er Jahre, den ich gestern\u00a0Abend geschaut habe. Leider kann ich derzeit nicht so gut mit Worten hantieren, wie es der Traum und vor allem das getr\u00e4umte Gef\u00fchl verdienen w\u00fcrden. Meine Schreib-Muse ist gerade im kreativem Auszeit-Modus. Aber ein bisschen habe ich doch versucht, meinen letzten Traum festzuhalten, Schnippsel aufzubewahren, bevor der Lappi &#8211; altersschwach wie er bereits ist &#8211; sich einfach verabschiedete:<\/p>\n<p style=\"padding-left: 30px;\"><strong>Meermuscheltraumsehnsucht<\/strong><\/p>\n<p style=\"padding-left: 30px;\">Das Meer war in einer Muschel, und die Muschel war das ganze Meer. Sanfte und gleichzeitig kr\u00e4ftige Wellen brachen sich auf dem Muschelgrund, hinterlie\u00dfen wei\u00dfe Wellenstreifen im Sand, w\u00e4hrend sich \u00fcber dem Blau des Muschelmeeres ein perlenwei\u00dfer Muschelhimmel w\u00f6lbte. Das Muschelmeer \u00f6ffnete einen Spalt, gew\u00e4hrte Einblick und Einlass in ein ganz spezielles Universum, und instinktiv wusste sie, dass das nur f\u00fcr einen Augenblick der Fall sein w\u00fcrde, bevor das Muschelmeer sich wieder schlie\u00dfen und verstecken w\u00fcrde vor der Welt und vor ihr. So schwamm sie schneller, zielstrebiger auf den Horizont des Muschelmeeres zu, wo Perlenhimmel und Meerblau zusammentrafen, und erreichte den wei\u00dfen Strand.<\/p>\n<p style=\"padding-left: 30px;\">ER rief ihren Namen in der wortlosen Sprache der Seelen. ER rief nach ihr, sehnend, verzweifelt. Ewigkeiten rief er bereits, kaum noch Kraft in der Stimme.<\/p>\n<p>Tja, mehr blieb nicht \u00fcbrig, um es zu beschreiben, nur das L\u00e4cheln, denn der Traum war wirklich Herz zerreisend und sch\u00f6n. Und er ging gut aus, was ja auch keine Selbstverst\u00e4ndlichkeit mehr ist.<\/p>\n","protected":false},"excerpt":{"rendered":"<p>&#8230; der sich bereits sehr nach Herbst anf\u00fchlt. War es nicht gerade noch mitten im Sommer? Die Zeit rennt, oder rennt auch nicht, es kommt eben immer auf die Perspektive an und ob man sich gerade w\u00fcnscht,\u00a0dass die Zeit rennt &hellip; <a href=\"https:\/\/sajec.de\/blog\/da-geht-er-dahin-der-august\/\">Weiterlesen <span class=\"meta-nav\">&rarr;<\/span><\/a><\/p>\n","protected":false},"author":2,"featured_media":0,"comment_status":"open","ping_status":"open","sticky":false,"template":"","format":"standard","meta":{"ngg_post_thumbnail":0,"footnotes":""},"categories":[21,1,7],"tags":[],"class_list":["post-11177","post","type-post","status-publish","format-standard","hentry","category-abnehmen","category-tagebuch","category-traumsequenzen"],"_links":{"self":[{"href":"https:\/\/sajec.de\/blog\/wp-json\/wp\/v2\/posts\/11177","targetHints":{"allow":["GET"]}}],"collection":[{"href":"https:\/\/sajec.de\/blog\/wp-json\/wp\/v2\/posts"}],"about":[{"href":"https:\/\/sajec.de\/blog\/wp-json\/wp\/v2\/types\/post"}],"author":[{"embeddable":true,"href":"https:\/\/sajec.de\/blog\/wp-json\/wp\/v2\/users\/2"}],"replies":[{"embeddable":true,"href":"https:\/\/sajec.de\/blog\/wp-json\/wp\/v2\/comments?post=11177"}],"version-history":[{"count":5,"href":"https:\/\/sajec.de\/blog\/wp-json\/wp\/v2\/posts\/11177\/revisions"}],"predecessor-version":[{"id":11183,"href":"https:\/\/sajec.de\/blog\/wp-json\/wp\/v2\/posts\/11177\/revisions\/11183"}],"wp:attachment":[{"href":"https:\/\/sajec.de\/blog\/wp-json\/wp\/v2\/media?parent=11177"}],"wp:term":[{"taxonomy":"category","embeddable":true,"href":"https:\/\/sajec.de\/blog\/wp-json\/wp\/v2\/categories?post=11177"},{"taxonomy":"post_tag","embeddable":true,"href":"https:\/\/sajec.de\/blog\/wp-json\/wp\/v2\/tags?post=11177"}],"curies":[{"name":"wp","href":"https:\/\/api.w.org\/{rel}","templated":true}]}}