{"id":11307,"date":"2014-10-21T10:06:46","date_gmt":"2014-10-21T08:06:46","guid":{"rendered":"http:\/\/sajec.de\/blog\/?p=11307"},"modified":"2014-10-21T10:34:42","modified_gmt":"2014-10-21T08:34:42","slug":"nachtrag-zu-tbwt","status":"publish","type":"post","link":"https:\/\/sajec.de\/blog\/nachtrag-zu-tbwt\/","title":{"rendered":"Nachtrag zu TBWT"},"content":{"rendered":"<p>Das Folgende ist genau so ohne Sinnzusammenhang\u00a0zu sehen, wie der Traum, den ich vorhin gebloggt habe:<\/p>\n<p><a href=\"http:\/\/sajec.de\/blog\/wp-content\/uploads\/2014\/10\/GoldenerStier.jpg\"><img loading=\"lazy\" decoding=\"async\" class=\"alignnone wp-image-11304 size-full\" src=\"http:\/\/sajec.de\/blog\/wp-content\/uploads\/2014\/10\/GoldenerStier.jpg\" alt=\"GoldenerStier\" width=\"850\" height=\"901\" srcset=\"https:\/\/sajec.de\/blog\/wp-content\/uploads\/2014\/10\/GoldenerStier.jpg 850w, https:\/\/sajec.de\/blog\/wp-content\/uploads\/2014\/10\/GoldenerStier-283x300.jpg 283w, https:\/\/sajec.de\/blog\/wp-content\/uploads\/2014\/10\/GoldenerStier-141x150.jpg 141w, https:\/\/sajec.de\/blog\/wp-content\/uploads\/2014\/10\/GoldenerStier-400x424.jpg 400w\" sizes=\"auto, (max-width: 850px) 100vw, 850px\" \/><br \/>\n<\/a>Aufgenommen 2013 im Klimahaus in Bremerhaven.<\/p>\n<p>Und immer wieder auch die Weser &#8211; Wahlheimat:<\/p>\n<p><img loading=\"lazy\" decoding=\"async\" class=\"alignnone size-full wp-image-11312\" src=\"http:\/\/sajec.de\/blog\/wp-content\/uploads\/2014\/10\/Weser01.jpg\" alt=\"Weser01\" width=\"850\" height=\"377\" srcset=\"https:\/\/sajec.de\/blog\/wp-content\/uploads\/2014\/10\/Weser01.jpg 850w, https:\/\/sajec.de\/blog\/wp-content\/uploads\/2014\/10\/Weser01-300x133.jpg 300w, https:\/\/sajec.de\/blog\/wp-content\/uploads\/2014\/10\/Weser01-150x66.jpg 150w, https:\/\/sajec.de\/blog\/wp-content\/uploads\/2014\/10\/Weser01-400x177.jpg 400w\" sizes=\"auto, (max-width: 850px) 100vw, 850px\" \/><\/p>\n<p>W\u00e4hrend das neue Laptop-Laufwerk die outgesourcten Bilder der letzten Jahre hochschrubbt, f\u00e4llt mir auf, dass ich lang nicht mehr die CANON ausgef\u00fchrt habe. Das sollte ich bei n\u00e4chster Gelegenheit nachholen.<\/p>\n","protected":false},"excerpt":{"rendered":"<p>Das Folgende ist genau so ohne Sinnzusammenhang\u00a0zu sehen, wie der Traum, den ich vorhin gebloggt habe: Aufgenommen 2013 im Klimahaus in Bremerhaven. Und immer wieder auch die Weser &#8211; Wahlheimat: W\u00e4hrend das neue Laptop-Laufwerk die outgesourcten Bilder der letzten Jahre &hellip; <a href=\"https:\/\/sajec.de\/blog\/nachtrag-zu-tbwt\/\">Weiterlesen <span class=\"meta-nav\">&rarr;<\/span><\/a><\/p>\n","protected":false},"author":2,"featured_media":0,"comment_status":"open","ping_status":"open","sticky":false,"template":"","format":"standard","meta":{"ngg_post_thumbnail":0,"footnotes":""},"categories":[5],"tags":[],"class_list":["post-11307","post","type-post","status-publish","format-standard","hentry","category-bilder"],"_links":{"self":[{"href":"https:\/\/sajec.de\/blog\/wp-json\/wp\/v2\/posts\/11307","targetHints":{"allow":["GET"]}}],"collection":[{"href":"https:\/\/sajec.de\/blog\/wp-json\/wp\/v2\/posts"}],"about":[{"href":"https:\/\/sajec.de\/blog\/wp-json\/wp\/v2\/types\/post"}],"author":[{"embeddable":true,"href":"https:\/\/sajec.de\/blog\/wp-json\/wp\/v2\/users\/2"}],"replies":[{"embeddable":true,"href":"https:\/\/sajec.de\/blog\/wp-json\/wp\/v2\/comments?post=11307"}],"version-history":[{"count":6,"href":"https:\/\/sajec.de\/blog\/wp-json\/wp\/v2\/posts\/11307\/revisions"}],"predecessor-version":[{"id":11314,"href":"https:\/\/sajec.de\/blog\/wp-json\/wp\/v2\/posts\/11307\/revisions\/11314"}],"wp:attachment":[{"href":"https:\/\/sajec.de\/blog\/wp-json\/wp\/v2\/media?parent=11307"}],"wp:term":[{"taxonomy":"category","embeddable":true,"href":"https:\/\/sajec.de\/blog\/wp-json\/wp\/v2\/categories?post=11307"},{"taxonomy":"post_tag","embeddable":true,"href":"https:\/\/sajec.de\/blog\/wp-json\/wp\/v2\/tags?post=11307"}],"curies":[{"name":"wp","href":"https:\/\/api.w.org\/{rel}","templated":true}]}}