{"id":11380,"date":"2014-11-10T17:36:09","date_gmt":"2014-11-10T16:36:09","guid":{"rendered":"http:\/\/sajec.de\/blog\/?p=11380"},"modified":"2014-11-10T17:36:09","modified_gmt":"2014-11-10T16:36:09","slug":"und-es-ist-wieder-montag","status":"publish","type":"post","link":"https:\/\/sajec.de\/blog\/und-es-ist-wieder-montag\/","title":{"rendered":"&#8230; und es ist wieder Montag"},"content":{"rendered":"<p>In letzter Zeit komme ich mal wieder so gar nicht zum Bloggen. Einerseits, weil es gar nicht viel zu erz\u00e4hlen gibt, jedenfalls nichts \u00d6ffentiches, und zum anderen weil ich einfach kaputt bin oder zu faul, oder schlicht beides. Dabei hatte ich Freitag kurzfristig frei bekommen und die gesamte Mini-Karniggel-Family ist zum ersten Mal in den 14 Jahren, die wir nun schon in NHam wohnen, \u00fcber den Freitags-Wochenmarkt geschlendert. Wir haben frische, grandios gro\u00dfe Eier von \u00fcbergl\u00fccklichen H\u00fchnern gekauft, frisches Fleisch, haben mit Obsth\u00e4ndlern und Backwarenverk\u00e4uferinnen geplaudert, hier geguckt, da geschaut. Was man eben so macht, wenn man \u00fcber den Wochenmarkt schlendert. Davor waren wir Fr\u00fchst\u00fccken in der Brasserie direkt am Marktplatz. Nichts Besonderes eben, aber Abwechslung.<\/p>\n<p>Am Sonnabend Mittag dann d\u00fcste ich zu der lieben Frau O. und feierte mit ihr und einen Haufen Leuten, die ich alle mehr oder weniger ausschlie\u00dflich aus Erz\u00e4hlungen kannte, ihren Geburtstag. Lustig war&#8217;s &#8211; und lang. Ich bin zu alt f\u00fcr Partyn\u00e4chte, und zugegeben froh, dass ich am Sonntag Nachmittag noch ein bisschen Schlaf nachholen konnte.<\/p>\n<p>Und schwupps war es schon wieder Montag, mit aller Gewalt und mit allen Stress. Doch wie lautet die Devise auch an stressigsten Montagen? Immer brav eines nach dem anderen und step by step. Alles geschafft jetzt, ich bin geschafft, muss mich aber noch um die Englisch-Hausaufgaben k\u00fcmmern.<\/p>\n","protected":false},"excerpt":{"rendered":"<p>In letzter Zeit komme ich mal wieder so gar nicht zum Bloggen. Einerseits, weil es gar nicht viel zu erz\u00e4hlen gibt, jedenfalls nichts \u00d6ffentiches, und zum anderen weil ich einfach kaputt bin oder zu faul, oder schlicht beides. Dabei hatte &hellip; <a href=\"https:\/\/sajec.de\/blog\/und-es-ist-wieder-montag\/\">Weiterlesen <span class=\"meta-nav\">&rarr;<\/span><\/a><\/p>\n","protected":false},"author":2,"featured_media":0,"comment_status":"open","ping_status":"open","sticky":false,"template":"","format":"standard","meta":{"ngg_post_thumbnail":0,"footnotes":""},"categories":[24],"tags":[],"class_list":["post-11380","post","type-post","status-publish","format-standard","hentry","category-status"],"_links":{"self":[{"href":"https:\/\/sajec.de\/blog\/wp-json\/wp\/v2\/posts\/11380","targetHints":{"allow":["GET"]}}],"collection":[{"href":"https:\/\/sajec.de\/blog\/wp-json\/wp\/v2\/posts"}],"about":[{"href":"https:\/\/sajec.de\/blog\/wp-json\/wp\/v2\/types\/post"}],"author":[{"embeddable":true,"href":"https:\/\/sajec.de\/blog\/wp-json\/wp\/v2\/users\/2"}],"replies":[{"embeddable":true,"href":"https:\/\/sajec.de\/blog\/wp-json\/wp\/v2\/comments?post=11380"}],"version-history":[{"count":1,"href":"https:\/\/sajec.de\/blog\/wp-json\/wp\/v2\/posts\/11380\/revisions"}],"predecessor-version":[{"id":11381,"href":"https:\/\/sajec.de\/blog\/wp-json\/wp\/v2\/posts\/11380\/revisions\/11381"}],"wp:attachment":[{"href":"https:\/\/sajec.de\/blog\/wp-json\/wp\/v2\/media?parent=11380"}],"wp:term":[{"taxonomy":"category","embeddable":true,"href":"https:\/\/sajec.de\/blog\/wp-json\/wp\/v2\/categories?post=11380"},{"taxonomy":"post_tag","embeddable":true,"href":"https:\/\/sajec.de\/blog\/wp-json\/wp\/v2\/tags?post=11380"}],"curies":[{"name":"wp","href":"https:\/\/api.w.org\/{rel}","templated":true}]}}