{"id":11438,"date":"2014-11-29T15:43:55","date_gmt":"2014-11-29T14:43:55","guid":{"rendered":"http:\/\/sajec.de\/blog\/?p=11438"},"modified":"2014-11-29T15:50:28","modified_gmt":"2014-11-29T14:50:28","slug":"die-weihnachtszeit-kann-kommen","status":"publish","type":"post","link":"https:\/\/sajec.de\/blog\/die-weihnachtszeit-kann-kommen\/","title":{"rendered":"Die Weihnachtszeit kann kommen"},"content":{"rendered":"<p>Das bisschen Haushalt, was seit Bazillus&#8216; Auszug noch \u00fcbrig geblieben ist, ist f\u00fcr heute erledigt und auch f\u00fcr den morgigen 1.\u00a0Advent habe ich bereits ein bisschen geschm\u00fcckt. Nicht viel, aber alles mit Liebe und mit Vorfreude auf die Weihnachtstage mit ihrer besonderen Stimmung. Im Laufe der Jahre haben wir gelernt, was uns an Weihnachten wichtig ist, n\u00e4mlich das Beisammensein als Familie, ohne Traditionszwang und Etikette, sondern mit Gem\u00fctlichkeit, W\u00e4rme, Wohlf\u00fchlen, Zeit gemeinsam verbringen. Kerzenschein und Tannenduft, M\u00e4rchenfilme und Kaminfeuer, Musik und besonderes Essen, was es eben nur in dieser ganz besonderen\u00a0Zeit im Jahr gibt, ohne Kalorientabelle und schlechtem Gewissen. Ich freue mich auf die Weihnachtszeit. Und ich hoffe auf Schnee.<\/p>\n<p><img loading=\"lazy\" decoding=\"async\" class=\"alignnone size-full wp-image-11439\" src=\"http:\/\/sajec.de\/blog\/wp-content\/uploads\/2014\/11\/Advent2014.jpg\" alt=\"Advent2014\" width=\"850\" height=\"537\" srcset=\"https:\/\/sajec.de\/blog\/wp-content\/uploads\/2014\/11\/Advent2014.jpg 850w, https:\/\/sajec.de\/blog\/wp-content\/uploads\/2014\/11\/Advent2014-300x189.jpg 300w, https:\/\/sajec.de\/blog\/wp-content\/uploads\/2014\/11\/Advent2014-150x94.jpg 150w, https:\/\/sajec.de\/blog\/wp-content\/uploads\/2014\/11\/Advent2014-400x252.jpg 400w\" sizes=\"auto, (max-width: 850px) 100vw, 850px\" \/><\/p>\n","protected":false},"excerpt":{"rendered":"<p>Das bisschen Haushalt, was seit Bazillus&#8216; Auszug noch \u00fcbrig geblieben ist, ist f\u00fcr heute erledigt und auch f\u00fcr den morgigen 1.\u00a0Advent habe ich bereits ein bisschen geschm\u00fcckt. Nicht viel, aber alles mit Liebe und mit Vorfreude auf die Weihnachtstage mit &hellip; <a href=\"https:\/\/sajec.de\/blog\/die-weihnachtszeit-kann-kommen\/\">Weiterlesen <span class=\"meta-nav\">&rarr;<\/span><\/a><\/p>\n","protected":false},"author":2,"featured_media":0,"comment_status":"open","ping_status":"open","sticky":false,"template":"","format":"standard","meta":{"ngg_post_thumbnail":0,"footnotes":""},"categories":[1],"tags":[],"class_list":["post-11438","post","type-post","status-publish","format-standard","hentry","category-tagebuch"],"_links":{"self":[{"href":"https:\/\/sajec.de\/blog\/wp-json\/wp\/v2\/posts\/11438","targetHints":{"allow":["GET"]}}],"collection":[{"href":"https:\/\/sajec.de\/blog\/wp-json\/wp\/v2\/posts"}],"about":[{"href":"https:\/\/sajec.de\/blog\/wp-json\/wp\/v2\/types\/post"}],"author":[{"embeddable":true,"href":"https:\/\/sajec.de\/blog\/wp-json\/wp\/v2\/users\/2"}],"replies":[{"embeddable":true,"href":"https:\/\/sajec.de\/blog\/wp-json\/wp\/v2\/comments?post=11438"}],"version-history":[{"count":4,"href":"https:\/\/sajec.de\/blog\/wp-json\/wp\/v2\/posts\/11438\/revisions"}],"predecessor-version":[{"id":11443,"href":"https:\/\/sajec.de\/blog\/wp-json\/wp\/v2\/posts\/11438\/revisions\/11443"}],"wp:attachment":[{"href":"https:\/\/sajec.de\/blog\/wp-json\/wp\/v2\/media?parent=11438"}],"wp:term":[{"taxonomy":"category","embeddable":true,"href":"https:\/\/sajec.de\/blog\/wp-json\/wp\/v2\/categories?post=11438"},{"taxonomy":"post_tag","embeddable":true,"href":"https:\/\/sajec.de\/blog\/wp-json\/wp\/v2\/tags?post=11438"}],"curies":[{"name":"wp","href":"https:\/\/api.w.org\/{rel}","templated":true}]}}