{"id":11488,"date":"2014-12-25T14:35:11","date_gmt":"2014-12-25T13:35:11","guid":{"rendered":"http:\/\/sajec.de\/blog\/?p=11488"},"modified":"2014-12-25T14:53:18","modified_gmt":"2014-12-25T13:53:18","slug":"weihnachten-2014","status":"publish","type":"post","link":"https:\/\/sajec.de\/blog\/weihnachten-2014\/","title":{"rendered":"Weihnachten 2014"},"content":{"rendered":"<p><img loading=\"lazy\" decoding=\"async\" class=\"alignnone size-full wp-image-11491\" src=\"http:\/\/sajec.de\/blog\/wp-content\/uploads\/2014\/12\/Lio_Weihnachten2014.jpg\" alt=\"Lio_Weihnachten2014\" width=\"850\" height=\"567\" srcset=\"https:\/\/sajec.de\/blog\/wp-content\/uploads\/2014\/12\/Lio_Weihnachten2014.jpg 850w, https:\/\/sajec.de\/blog\/wp-content\/uploads\/2014\/12\/Lio_Weihnachten2014-300x200.jpg 300w, https:\/\/sajec.de\/blog\/wp-content\/uploads\/2014\/12\/Lio_Weihnachten2014-150x100.jpg 150w, https:\/\/sajec.de\/blog\/wp-content\/uploads\/2014\/12\/Lio_Weihnachten2014-400x267.jpg 400w\" sizes=\"auto, (max-width: 850px) 100vw, 850px\" \/><\/p>\n<p>Lange war es still auf dem Blog. Die Worte fehlten mir, der Nebel in der Seele schien undurchdringlich. Mich auf die Weihnachtsfeiertage zu freuen, erschien mir ab Mitte Dezember &#8211; nach der unbegreiflichen Nachricht &#8211; falsch. Wie konnte ich mich auf etwas freuen, das <span style=\"text-decoration: underline;\">sie<\/span> nie wieder erleben w\u00fcrde?<\/p>\n<p>Doch es ist etwas dran, an der Weisheit, dass Trauer sanfter wird, der Schmerz nachl\u00e4sst, der Verlust sich nicht mehr so tief in Seele und Herz schneidet\u00a0und die Erinnerungen alles milde einh\u00fcllt, bis Dankbarkeit und\u00a0L\u00e4cheln bleiben.<br \/>\nSo kam der Heilige Abend, den wir gemeinsam in unserer kleinen Familie verbrachten: Knuffel, T\u00f6chterchen, Kater Klecks und Enkelkaterchen Lio (Bazillus besteht darauf, dass ich Lio mit &#8222;i&#8220; schreibe!). Wir z\u00fcndeten Kerzen und die schon etwas angesengte Pyramide an, schauten den virtuellen Kaminflammen zu, h\u00f6rten Musik, futterten Stollen und Brownies zu Kaffe und Kakao. Zum Abendbrot gab es \u00a0traditionell Mauke mit s\u00fc\u00dfem Sauerkraut und Bratwurst, und nachdem die K\u00fcche gemeinsam fix wieder auf Vordermann gebracht worden war, gab es Bescherung.<\/p>\n<p><img loading=\"lazy\" decoding=\"async\" class=\" size-full wp-image-11492 alignnone\" src=\"http:\/\/sajec.de\/blog\/wp-content\/uploads\/2014\/12\/Weihnachten2014.jpg\" alt=\"Weihnachten2014\" width=\"850\" height=\"672\" srcset=\"https:\/\/sajec.de\/blog\/wp-content\/uploads\/2014\/12\/Weihnachten2014.jpg 850w, https:\/\/sajec.de\/blog\/wp-content\/uploads\/2014\/12\/Weihnachten2014-300x237.jpg 300w, https:\/\/sajec.de\/blog\/wp-content\/uploads\/2014\/12\/Weihnachten2014-150x119.jpg 150w, https:\/\/sajec.de\/blog\/wp-content\/uploads\/2014\/12\/Weihnachten2014-400x316.jpg 400w\" sizes=\"auto, (max-width: 850px) 100vw, 850px\" \/><\/p>\n<p>Von Knuffel bekam ich das lang ersehnte Makro-Objektiv f\u00fcr die Canon geschenkt und eine Tasche, die ich schon lange auf meiner Amazon-Wunschliste stehen hatte. Monna schenkte mir einen Supernatural-Anh\u00e4nger, einen kleinen\u00a0Impala und einen Amazon-Gutschein; und ich war ganz aus dem H\u00e4uschen. Alle freuten sich \u00fcber die Geschenke, und so sa\u00dfen wir noch lange beisammen, kosteten und probierten und naschten, spielten mit den Katzies, schauten &#8222;H\u00fcter des Lichts&#8220; und verbrachten einen gem\u00fctlichen Heiligen Abend gemeinsam.<\/p>\n<p>In dieser Gemeinsamkeit liegt das Geheimnis unseres\u00a0Weihnachten. Es geht bei uns nicht um ein gigantisches Essen (obwohl auch\u00a0die Mahlzeiten an diesen besonderen Tagen im Jahr doch auch etwas\u00a0Besonderes\u00a0sind), das p\u00fcnktlich, wie es die Etikette vorschreibt, in Schlips und Kragen eingenommen werden muss. Wir brunchen ausgiebig, lassen das Mittag ausfallen, trinken daf\u00fcr zeitig Kaffee und freuen uns auf ein besonderes Abendessen. Jeder darf dabei anziehen, worin er sich am wohlsten f\u00fchlt, und so sitzt Familie Karniggel meistens in Jogging- und Hausanz\u00fcgen, manchmal auch den ganzen Tag im Schlafanzug beisammen; malt, h\u00f6rt gemeinsam Musik, spielt, schaut M\u00e4rchen und erz\u00e4hlt oder d\u00f6st mit einem oder gar zwei Katzentieren angekuschelt auf dem Sofa und lauscht dem Regen und dem Sturm, der drau\u00dfen w\u00fctet.<\/p>\n<p>So mag ich die Weihnachtstage am liebsten, kuschelig, zusammen &#8211; und dankbar daf\u00fcr, das ich das haben kann. Und zwar nicht nur an Weihnachten.<\/p>\n<p><img loading=\"lazy\" decoding=\"async\" class=\"alignnone size-full wp-image-11493\" src=\"http:\/\/sajec.de\/blog\/wp-content\/uploads\/2014\/12\/Lio_Klecks2014.jpg\" alt=\"Lio_Klecks2014\" width=\"850\" height=\"538\" srcset=\"https:\/\/sajec.de\/blog\/wp-content\/uploads\/2014\/12\/Lio_Klecks2014.jpg 850w, https:\/\/sajec.de\/blog\/wp-content\/uploads\/2014\/12\/Lio_Klecks2014-300x190.jpg 300w, https:\/\/sajec.de\/blog\/wp-content\/uploads\/2014\/12\/Lio_Klecks2014-150x95.jpg 150w, https:\/\/sajec.de\/blog\/wp-content\/uploads\/2014\/12\/Lio_Klecks2014-400x253.jpg 400w\" sizes=\"auto, (max-width: 850px) 100vw, 850px\" \/><\/p>\n","protected":false},"excerpt":{"rendered":"<p>Lange war es still auf dem Blog. Die Worte fehlten mir, der Nebel in der Seele schien undurchdringlich. Mich auf die Weihnachtsfeiertage zu freuen, erschien mir ab Mitte Dezember &#8211; nach der unbegreiflichen Nachricht &#8211; falsch. Wie konnte ich mich &hellip; <a href=\"https:\/\/sajec.de\/blog\/weihnachten-2014\/\">Weiterlesen <span class=\"meta-nav\">&rarr;<\/span><\/a><\/p>\n","protected":false},"author":2,"featured_media":0,"comment_status":"open","ping_status":"open","sticky":false,"template":"","format":"standard","meta":{"ngg_post_thumbnail":0,"footnotes":""},"categories":[1],"tags":[],"class_list":["post-11488","post","type-post","status-publish","format-standard","hentry","category-tagebuch"],"_links":{"self":[{"href":"https:\/\/sajec.de\/blog\/wp-json\/wp\/v2\/posts\/11488","targetHints":{"allow":["GET"]}}],"collection":[{"href":"https:\/\/sajec.de\/blog\/wp-json\/wp\/v2\/posts"}],"about":[{"href":"https:\/\/sajec.de\/blog\/wp-json\/wp\/v2\/types\/post"}],"author":[{"embeddable":true,"href":"https:\/\/sajec.de\/blog\/wp-json\/wp\/v2\/users\/2"}],"replies":[{"embeddable":true,"href":"https:\/\/sajec.de\/blog\/wp-json\/wp\/v2\/comments?post=11488"}],"version-history":[{"count":4,"href":"https:\/\/sajec.de\/blog\/wp-json\/wp\/v2\/posts\/11488\/revisions"}],"predecessor-version":[{"id":11495,"href":"https:\/\/sajec.de\/blog\/wp-json\/wp\/v2\/posts\/11488\/revisions\/11495"}],"wp:attachment":[{"href":"https:\/\/sajec.de\/blog\/wp-json\/wp\/v2\/media?parent=11488"}],"wp:term":[{"taxonomy":"category","embeddable":true,"href":"https:\/\/sajec.de\/blog\/wp-json\/wp\/v2\/categories?post=11488"},{"taxonomy":"post_tag","embeddable":true,"href":"https:\/\/sajec.de\/blog\/wp-json\/wp\/v2\/tags?post=11488"}],"curies":[{"name":"wp","href":"https:\/\/api.w.org\/{rel}","templated":true}]}}