{"id":11530,"date":"2015-01-04T14:40:52","date_gmt":"2015-01-04T13:40:52","guid":{"rendered":"http:\/\/sajec.de\/blog\/?p=11530"},"modified":"2015-01-04T14:42:14","modified_gmt":"2015-01-04T13:42:14","slug":"neues-jahr-neue-vorsaetze","status":"publish","type":"post","link":"https:\/\/sajec.de\/blog\/neues-jahr-neue-vorsaetze\/","title":{"rendered":"Neues Jahr &#8211; neue Vors\u00e4tze"},"content":{"rendered":"<p><img loading=\"lazy\" decoding=\"async\" class=\"alignleft wp-image-11531 size-medium\" src=\"http:\/\/sajec.de\/blog\/wp-content\/uploads\/2015\/01\/Neujahr-300x265.jpg\" alt=\"Neujahr\" width=\"300\" height=\"265\" srcset=\"https:\/\/sajec.de\/blog\/wp-content\/uploads\/2015\/01\/Neujahr-300x265.jpg 300w, https:\/\/sajec.de\/blog\/wp-content\/uploads\/2015\/01\/Neujahr-150x132.jpg 150w, https:\/\/sajec.de\/blog\/wp-content\/uploads\/2015\/01\/Neujahr-400x353.jpg 400w, https:\/\/sajec.de\/blog\/wp-content\/uploads\/2015\/01\/Neujahr.jpg 589w\" sizes=\"auto, (max-width: 300px) 100vw, 300px\" \/>Bin sp\u00e4t dran mit meinem ersten Blogbeitrag 2015. Immerhin ist bereits der 04.01., und zwei herrlich faul-gem\u00fctliche und auch &#8211; ich gestehe &#8211; voll verfutterte lange Wochenenden liegen hinter mir. Die Waage wird mich so schnell nicht ertragen, denn ich k\u00f6nnte es nicht ertragen, dabei Zahlen zu erschielen, die mir nicht gefallen w\u00fcrden. Dass ich etwas tun muss in den kommenden Wochen und Monaten ist mir jedoch sehr eindringlich klar, denn die Lieblingshose kneift doch arg mittlerweile.<\/p>\n<p>Deswegen habe ich auch zwei gr\u00f6\u00dfere Vors\u00e4tze\u00a0gefasst:<\/p>\n<p>Das <strong>Sportprogramm<\/strong> muss und wird rediszipliniert, Ausreden gibt es keine mehr! Drahtesel, Schwimmen, TV-App-Workout und Joggen, und zwar mindestens 3 Mal in der Woche. M\u00f6glicherweise kommt auch noch\u00a0Zimmertrampolin-Springen dazu (so mein Amazon-Zaunpfahl-Wunsch zum Geburtstag erh\u00f6rt wird [und da bin ich eigentlich recht zuversichtlich!]). Den Detlef bekomme ich wohl auch mitgeliefert, obwohl ich den eigentlich gar nicht mag. Aber jemand muss mir ja zumindest am Anfang zeigen, was ich mit dem Trampolin anstellen soll. Wenn es soweit ist, wird dar\u00fcber aber gesondert berichtet.\u00a0Kohlenhydrate (also Br\u00f6tchen &amp; Co.) wird es nur noch am Wochenende geben. Soweit der Plan.<\/p>\n<p>Das andere Vorhaben ist dergestalt, <strong>mir jeden Monat etwas Besonderes vorzunehmen<\/strong>. Noch fehlen mir dazu die konkreten Ideen, und teuer darf es eigentlich auch nicht sein, spare ich doch mal wieder f\u00fcr Vancouver in 2016. Im Mai ist die Rom-JIB wieder, die zwar schon zum gr\u00f6\u00dften Teil bezahlt ist, doch trotzdem noch L\u00f6cher ins Sparbudget knabbern wird. Das ist immer so.<br \/>\nDas Besondere muss also im Kleinen liegen: Ein besonderes Spaziergangsziel, Kinoabend, Museumsbesuch, Konzert &#8230; Wir werden sehen. F\u00fcr den Monat Januar soll das Besondere mein Geburtstag sein. \u00dcber alle weiteren denke ich noch extra\u00a0nach.<\/p>\n<p><strong>Beruflich<\/strong> wird sich wohl in 2015 wenig f\u00fcr mich \u00e4ndern. Meine zwei Jobs, die ich mag, mit Kollegen, die ich mag. Im Vormittagsjob steht noch ein Gespr\u00e4ch mit Chef aus \u00fcber meinen Bruttostundenlohn. War seine Idee, nachdem er nach eigener Aussage im Herbst feststellte, dass ich seit\u00a0Jahren &#8222;durch das Raster&#8220; falle; hei\u00dft wohl, ich bin die Einzige in der\u00a0gesamten Kanzlei, die gerade so \u00fcber dem nun geltenden bundesweiten Mindeststundenlohn jobt. W\u00e4re ja sch\u00f6n, wenn nun am Monatsende etwas mehr in meine Vancouver-Sparb\u00fcchse kullern k\u00f6nnte.<\/p>\n<p>Und nat\u00fcrlich wird zum Jahr 2015 auch wieder #<strong>supernatural<\/strong> geh\u00f6ren. Was auch sonst? Ich liebe diese Serie nach wie vor und ich bin neugierig, wie es mit den Br\u00fcdern weitergehen wird. Auf Twitter liest man ja die absonderlichsten\u00a0Theorien. Ich habe zurzeit gar keine Theorie, au\u00dfer, dass ich noch immer glaube, dass das Thema Demon!DEAN noch nicht endg\u00fcltig abgeschlossen ist.<\/p>\n<p>Dann schauen wir mal, was das 2015 so alles kann. Es wird &#8211; wie so oft im Leben &#8211; an uns selbst liegen, was wir daraus machen.<\/p>\n","protected":false},"excerpt":{"rendered":"<p>Bin sp\u00e4t dran mit meinem ersten Blogbeitrag 2015. Immerhin ist bereits der 04.01., und zwei herrlich faul-gem\u00fctliche und auch &#8211; ich gestehe &#8211; voll verfutterte lange Wochenenden liegen hinter mir. Die Waage wird mich so schnell nicht ertragen, denn ich &hellip; <a href=\"https:\/\/sajec.de\/blog\/neues-jahr-neue-vorsaetze\/\">Weiterlesen <span class=\"meta-nav\">&rarr;<\/span><\/a><\/p>\n","protected":false},"author":2,"featured_media":0,"comment_status":"open","ping_status":"open","sticky":false,"template":"","format":"standard","meta":{"ngg_post_thumbnail":0,"footnotes":""},"categories":[21,1],"tags":[],"class_list":["post-11530","post","type-post","status-publish","format-standard","hentry","category-abnehmen","category-tagebuch"],"_links":{"self":[{"href":"https:\/\/sajec.de\/blog\/wp-json\/wp\/v2\/posts\/11530","targetHints":{"allow":["GET"]}}],"collection":[{"href":"https:\/\/sajec.de\/blog\/wp-json\/wp\/v2\/posts"}],"about":[{"href":"https:\/\/sajec.de\/blog\/wp-json\/wp\/v2\/types\/post"}],"author":[{"embeddable":true,"href":"https:\/\/sajec.de\/blog\/wp-json\/wp\/v2\/users\/2"}],"replies":[{"embeddable":true,"href":"https:\/\/sajec.de\/blog\/wp-json\/wp\/v2\/comments?post=11530"}],"version-history":[{"count":3,"href":"https:\/\/sajec.de\/blog\/wp-json\/wp\/v2\/posts\/11530\/revisions"}],"predecessor-version":[{"id":11534,"href":"https:\/\/sajec.de\/blog\/wp-json\/wp\/v2\/posts\/11530\/revisions\/11534"}],"wp:attachment":[{"href":"https:\/\/sajec.de\/blog\/wp-json\/wp\/v2\/media?parent=11530"}],"wp:term":[{"taxonomy":"category","embeddable":true,"href":"https:\/\/sajec.de\/blog\/wp-json\/wp\/v2\/categories?post=11530"},{"taxonomy":"post_tag","embeddable":true,"href":"https:\/\/sajec.de\/blog\/wp-json\/wp\/v2\/tags?post=11530"}],"curies":[{"name":"wp","href":"https:\/\/api.w.org\/{rel}","templated":true}]}}