{"id":11556,"date":"2015-01-10T14:38:19","date_gmt":"2015-01-10T13:38:19","guid":{"rendered":"http:\/\/sajec.de\/blog\/?p=11556"},"modified":"2015-01-10T14:40:04","modified_gmt":"2015-01-10T13:40:04","slug":"nimm-ab","status":"publish","type":"post","link":"https:\/\/sajec.de\/blog\/nimm-ab\/","title":{"rendered":"Nimm ab!"},"content":{"rendered":"<p>Das neue Jahr ist die erste komplette Woche alt, und die\u00a0Werbung im TV scheint nur aus<\/p>\n<ul>\n<li>Fit und schlank werden in nur 10 Wochen!<\/li>\n<li>Abnehmen mit Yoga<\/li>\n<li>Abnehmen mit irgendeinem Pulver, Shake oder im Schlaf<\/li>\n<li>in\u00a0dieser Zeitung (die Sie unbedingt brauchen) steht drin, wie sie abnehmen mit tollen Rezepten ohne Hunger<\/li>\n<li>jetzt sofort in der und der App anmelden und 3 Wochen lang kostenlos\u00a0trainieren<\/li>\n<\/ul>\n<p>Dazwischen, wie \u00fcbersehene\u00a0Anachronismen, wird f\u00fcr Pizza, Fertignahrung, Fast Food geworben.<\/p>\n<p>Ich kann es nicht mehr\u00a0sehen! Bin ich doch auch anf\u00e4llig f\u00fcr die Einfl\u00fcsterungen der Werbung. Und zwar f\u00fcr beide Extreme. Beispiel?<\/p>\n<p>Der Detlef Dee (den ich eigentlich gar nicht mag) will mich Sexy machen und der Heino h\u00fcpft mit auf dem Zimmertrampolin mit Stange herum. Das Ergebnis? Selbiges steht nun (noch verpackt) bei uns im Wohnzimmerflur und wartet darauf, dass ich es auspacke und nat\u00fcrlich auch benutze. Das muss aber noch warten, bis ich offiziell\u00a0auch von dem Geburtstagstrampolingeschenk Gebrauch machen darf.<\/p>\n<p>Und das Beispiel f\u00fcr das andere Extrem, wie anf\u00e4llig ich f\u00fcr Werbung bin? Gestern Abend auf dem heimischen Sofa, nachdem ich die ganze Woche brav den Ern\u00e4hrungsplan eingehalten und Kohlenhydrate wie die Pest gemieden hatte, Werbung f\u00fcr Nutella gesehen &#8211; und pl\u00f6tzlich konnte ich mich nicht mehr halten. Bl\u00f6derweise (oder in dem Fall eigentlich noch gl\u00fccklicherweise) tendieren\u00a0unsere\u00a0Nutella-Vorr\u00e4te so ziemlich gegen Null, was mich zuerst frustete, mich dann aber auf die vermaledeite Idee brachte, dass Mikrowellentassenkuchen mit Haselnussgeschmack (wovon tats\u00e4chlich noch\u00a0eine T\u00fcte im Vorratsschrank auftreibbar war) gepaart mit Kakaopulver doch auch eine Art Nussnougatcreme ergeben k\u00f6nnte. Und die futterte ich dann, war 3 Minuten lang happy und danach auf mich und meine schon wieder \u00fcberragende Undiszipliniertheit den ganzen restlichen Abend grummelig.<\/p>\n","protected":false},"excerpt":{"rendered":"<p>Das neue Jahr ist die erste komplette Woche alt, und die\u00a0Werbung im TV scheint nur aus Fit und schlank werden in nur 10 Wochen! Abnehmen mit Yoga Abnehmen mit irgendeinem Pulver, Shake oder im Schlaf in\u00a0dieser Zeitung (die Sie unbedingt &hellip; <a href=\"https:\/\/sajec.de\/blog\/nimm-ab\/\">Weiterlesen <span class=\"meta-nav\">&rarr;<\/span><\/a><\/p>\n","protected":false},"author":2,"featured_media":0,"comment_status":"open","ping_status":"open","sticky":false,"template":"","format":"standard","meta":{"ngg_post_thumbnail":0,"footnotes":""},"categories":[21,1],"tags":[],"class_list":["post-11556","post","type-post","status-publish","format-standard","hentry","category-abnehmen","category-tagebuch"],"_links":{"self":[{"href":"https:\/\/sajec.de\/blog\/wp-json\/wp\/v2\/posts\/11556","targetHints":{"allow":["GET"]}}],"collection":[{"href":"https:\/\/sajec.de\/blog\/wp-json\/wp\/v2\/posts"}],"about":[{"href":"https:\/\/sajec.de\/blog\/wp-json\/wp\/v2\/types\/post"}],"author":[{"embeddable":true,"href":"https:\/\/sajec.de\/blog\/wp-json\/wp\/v2\/users\/2"}],"replies":[{"embeddable":true,"href":"https:\/\/sajec.de\/blog\/wp-json\/wp\/v2\/comments?post=11556"}],"version-history":[{"count":2,"href":"https:\/\/sajec.de\/blog\/wp-json\/wp\/v2\/posts\/11556\/revisions"}],"predecessor-version":[{"id":11558,"href":"https:\/\/sajec.de\/blog\/wp-json\/wp\/v2\/posts\/11556\/revisions\/11558"}],"wp:attachment":[{"href":"https:\/\/sajec.de\/blog\/wp-json\/wp\/v2\/media?parent=11556"}],"wp:term":[{"taxonomy":"category","embeddable":true,"href":"https:\/\/sajec.de\/blog\/wp-json\/wp\/v2\/categories?post=11556"},{"taxonomy":"post_tag","embeddable":true,"href":"https:\/\/sajec.de\/blog\/wp-json\/wp\/v2\/tags?post=11556"}],"curies":[{"name":"wp","href":"https:\/\/api.w.org\/{rel}","templated":true}]}}