{"id":11567,"date":"2015-01-15T19:11:59","date_gmt":"2015-01-15T18:11:59","guid":{"rendered":"http:\/\/sajec.de\/blog\/?p=11567"},"modified":"2015-01-15T19:13:57","modified_gmt":"2015-01-15T18:13:57","slug":"happy-birthday-to-me","status":"publish","type":"post","link":"https:\/\/sajec.de\/blog\/happy-birthday-to-me\/","title":{"rendered":"HAPPY BIRTHDAY to me"},"content":{"rendered":"<p>Auch auf diesem Wege noch einmal ein herzliches Dankesch\u00f6n an alle, die heute via Twitter, Facebook, Email, Telefon und pers\u00f6nliches Knuddeln an mich dachten. Danke f\u00fcr die guten W\u00fcnsche, das L\u00e4cheln und das Gef\u00fchl, dass ihr da seid.<\/p>\n<p>Ganz besonders an meinen Knuffel, der mir mit dem\u00a0Trampolin und dem Detlef Dee das Gehoppse erm\u00f6glicht und seit Neuestem selbiges\u00a0auch erdulden muss.<\/p>\n<p>Danke an die liebste Frau O. f\u00fcr die M\u00e4use. \ud83d\ude00<\/p>\n<p>Danke an die unglaubliche\u00a0Jo, deren P\u00e4ckchen heute endlich ausgepackt werden\u00a0durfte und ich bei jedem ausgepackten kleinen\u00a0Present vor Vergn\u00fcgen und Freude quietschte! Das Squirrel, das Moose und der Demon-Hunter-Pass kommen in den Mazda, auf das ich f\u00fcr alle Zeit f\u00fcr alle Eventualit\u00e4ten ger\u00fcstet bin. Den Lebensart-Kalender werde ich bei mir tragen und mit Sternschnuppentagen f\u00fcllen und seine Weisheiten gelegentlich ganz wichtig auf Twitter der Welt kundtun.<\/p>\n<p><img loading=\"lazy\" decoding=\"async\" class=\"alignnone size-full wp-image-11568\" src=\"http:\/\/sajec.de\/blog\/wp-content\/uploads\/2015\/01\/Geburtstags-Presents_vonJO.jpg\" alt=\"Geburtstags-Presents_vonJO\" width=\"850\" height=\"913\" srcset=\"https:\/\/sajec.de\/blog\/wp-content\/uploads\/2015\/01\/Geburtstags-Presents_vonJO.jpg 850w, https:\/\/sajec.de\/blog\/wp-content\/uploads\/2015\/01\/Geburtstags-Presents_vonJO-279x300.jpg 279w, https:\/\/sajec.de\/blog\/wp-content\/uploads\/2015\/01\/Geburtstags-Presents_vonJO-140x150.jpg 140w, https:\/\/sajec.de\/blog\/wp-content\/uploads\/2015\/01\/Geburtstags-Presents_vonJO-400x430.jpg 400w\" sizes=\"auto, (max-width: 850px) 100vw, 850px\" \/><\/p>\n<p>Danke auch an meinen Chef, der den Geburtstag nicht vergessen hat und mich mit Vanille Liqueur und einem Bunte-Laden-Gutschein \u00fcberraschte. (Noch spannender aber finde ich nach wie vor die ungekl\u00e4rte Frage, wie wohl mein Gehaltszettel ab diesem Monat aussehen wird!)<\/p>\n","protected":false},"excerpt":{"rendered":"<p>Auch auf diesem Wege noch einmal ein herzliches Dankesch\u00f6n an alle, die heute via Twitter, Facebook, Email, Telefon und pers\u00f6nliches Knuddeln an mich dachten. Danke f\u00fcr die guten W\u00fcnsche, das L\u00e4cheln und das Gef\u00fchl, dass ihr da seid. Ganz besonders &hellip; <a href=\"https:\/\/sajec.de\/blog\/happy-birthday-to-me\/\">Weiterlesen <span class=\"meta-nav\">&rarr;<\/span><\/a><\/p>\n","protected":false},"author":2,"featured_media":0,"comment_status":"open","ping_status":"open","sticky":false,"template":"","format":"standard","meta":{"ngg_post_thumbnail":0,"footnotes":""},"categories":[1],"tags":[],"class_list":["post-11567","post","type-post","status-publish","format-standard","hentry","category-tagebuch"],"_links":{"self":[{"href":"https:\/\/sajec.de\/blog\/wp-json\/wp\/v2\/posts\/11567","targetHints":{"allow":["GET"]}}],"collection":[{"href":"https:\/\/sajec.de\/blog\/wp-json\/wp\/v2\/posts"}],"about":[{"href":"https:\/\/sajec.de\/blog\/wp-json\/wp\/v2\/types\/post"}],"author":[{"embeddable":true,"href":"https:\/\/sajec.de\/blog\/wp-json\/wp\/v2\/users\/2"}],"replies":[{"embeddable":true,"href":"https:\/\/sajec.de\/blog\/wp-json\/wp\/v2\/comments?post=11567"}],"version-history":[{"count":3,"href":"https:\/\/sajec.de\/blog\/wp-json\/wp\/v2\/posts\/11567\/revisions"}],"predecessor-version":[{"id":11571,"href":"https:\/\/sajec.de\/blog\/wp-json\/wp\/v2\/posts\/11567\/revisions\/11571"}],"wp:attachment":[{"href":"https:\/\/sajec.de\/blog\/wp-json\/wp\/v2\/media?parent=11567"}],"wp:term":[{"taxonomy":"category","embeddable":true,"href":"https:\/\/sajec.de\/blog\/wp-json\/wp\/v2\/categories?post=11567"},{"taxonomy":"post_tag","embeddable":true,"href":"https:\/\/sajec.de\/blog\/wp-json\/wp\/v2\/tags?post=11567"}],"curies":[{"name":"wp","href":"https:\/\/api.w.org\/{rel}","templated":true}]}}