{"id":11587,"date":"2015-01-22T09:35:28","date_gmt":"2015-01-22T08:35:28","guid":{"rendered":"http:\/\/sajec.de\/blog\/?p=11587"},"modified":"2015-01-22T09:35:28","modified_gmt":"2015-01-22T08:35:28","slug":"abba-mit-kruecken","status":"publish","type":"post","link":"https:\/\/sajec.de\/blog\/abba-mit-kruecken\/","title":{"rendered":"ABBA mit Kr\u00fccken?"},"content":{"rendered":"<p>Zu dem &#8222;Ich bastel mir meine eigenen Gl\u00fccksmomente in 2015&#8220; (m\u00f6glicherweise habt ihr davon gelesen) geh\u00f6rt das Vorhaben, sich jeden Monat etwas ganz Spezielles und Besonderes vorzunehmen und es zu genie\u00dfen. F\u00fcr den ersten Monat &#8211; Januar &#8211; ist daher\u00a0der Besuch der ABBA-Review hier im Heimatst\u00e4dtchen geplant. Die Karten sind von Knuffel l\u00e4ngst daf\u00fcr abgeholt, und auch, wenn ich das nicht f\u00fcr m\u00f6glich gehalten h\u00e4tte, <span style=\"text-decoration: underline;\">er<\/span> freut sich tats\u00e4chlich darauf. Ich mich selbstverst\u00e4ndlich auch, war ja schlie\u00dflich auch meine Idee. Am Sonnabend soll es los gehen.<\/p>\n<p>Dann kam der vermaledeite doofe (saudoofe) Treppensturz am Montag Mittag dazwischen und drohte, alle Pl\u00e4ne diesbez\u00fcglich zumindest f\u00fcr mich ad absurdum zu f\u00fchren. Denn auch, wenn der Arzt mir zwar das ABBA Review nicht direkt verboten hat, sondern mehr vor dem kontraproduktiven Rumh\u00fcpfen als solches warnte, war mir die Vorstellung, mit Kr\u00fccken dort bewegungslos Rumstehen\u00a0zu m\u00fcssen, doch eher suspekt. Aber: Die pers\u00f6nlich f\u00fcr mich zust\u00e4ndigen Schicksalsbitchen, die gerne mal in meine Suppenpl\u00e4ne spuckten in der Vergangenheit, haben sich verspuckt, denn seitdem der Herr Orthop\u00e4de das Blutwasser schmerzhaft aus meinen Knie zutschte, geht es mit jeden Tag bereits besser. Schon jetzt liegen die Kr\u00fccken unterm Trampolin und ich humpel durch die Wohnung, jeden Tag etwas agiler. Am Freitag wird mein Knie in die R\u00f6hre geschoben, aber ich denke, es wird alles gut aussehen. Es f\u00fchlt sich jedenfalls schon fast wieder gut an. Und deswegen werde ich mir ABBA geben am Sonnabend, und zwar ohne Kr\u00fccken, aber vorsichtshalber nur m\u00e4\u00dfig h\u00fcpfend, doch selbstverst\u00e4ndlich glitzernd. Soweit der Plan meinerseits.<\/p>\n","protected":false},"excerpt":{"rendered":"<p>Zu dem &#8222;Ich bastel mir meine eigenen Gl\u00fccksmomente in 2015&#8220; (m\u00f6glicherweise habt ihr davon gelesen) geh\u00f6rt das Vorhaben, sich jeden Monat etwas ganz Spezielles und Besonderes vorzunehmen und es zu genie\u00dfen. F\u00fcr den ersten Monat &#8211; Januar &#8211; ist daher\u00a0der &hellip; <a href=\"https:\/\/sajec.de\/blog\/abba-mit-kruecken\/\">Weiterlesen <span class=\"meta-nav\">&rarr;<\/span><\/a><\/p>\n","protected":false},"author":2,"featured_media":0,"comment_status":"open","ping_status":"open","sticky":false,"template":"","format":"standard","meta":{"ngg_post_thumbnail":0,"footnotes":""},"categories":[24],"tags":[],"class_list":["post-11587","post","type-post","status-publish","format-standard","hentry","category-status"],"_links":{"self":[{"href":"https:\/\/sajec.de\/blog\/wp-json\/wp\/v2\/posts\/11587","targetHints":{"allow":["GET"]}}],"collection":[{"href":"https:\/\/sajec.de\/blog\/wp-json\/wp\/v2\/posts"}],"about":[{"href":"https:\/\/sajec.de\/blog\/wp-json\/wp\/v2\/types\/post"}],"author":[{"embeddable":true,"href":"https:\/\/sajec.de\/blog\/wp-json\/wp\/v2\/users\/2"}],"replies":[{"embeddable":true,"href":"https:\/\/sajec.de\/blog\/wp-json\/wp\/v2\/comments?post=11587"}],"version-history":[{"count":1,"href":"https:\/\/sajec.de\/blog\/wp-json\/wp\/v2\/posts\/11587\/revisions"}],"predecessor-version":[{"id":11588,"href":"https:\/\/sajec.de\/blog\/wp-json\/wp\/v2\/posts\/11587\/revisions\/11588"}],"wp:attachment":[{"href":"https:\/\/sajec.de\/blog\/wp-json\/wp\/v2\/media?parent=11587"}],"wp:term":[{"taxonomy":"category","embeddable":true,"href":"https:\/\/sajec.de\/blog\/wp-json\/wp\/v2\/categories?post=11587"},{"taxonomy":"post_tag","embeddable":true,"href":"https:\/\/sajec.de\/blog\/wp-json\/wp\/v2\/tags?post=11587"}],"curies":[{"name":"wp","href":"https:\/\/api.w.org\/{rel}","templated":true}]}}