{"id":11687,"date":"2015-03-05T16:43:35","date_gmt":"2015-03-05T15:43:35","guid":{"rendered":"http:\/\/sajec.de\/blog\/?p=11687"},"modified":"2015-03-05T16:57:53","modified_gmt":"2015-03-05T15:57:53","slug":"die-sache-mit-dem-kaputten-trockner-teil-1","status":"publish","type":"post","link":"https:\/\/sajec.de\/blog\/die-sache-mit-dem-kaputten-trockner-teil-1\/","title":{"rendered":"Die Sache mit dem kaputten Trockner &#8211; Teil 1"},"content":{"rendered":"<p>Der ist &#8211; ich glaube ich habe dar\u00fcber bereits an anderer Stelle gejammert \u2013 kaputt, denn er trocknet nun nicht mehr, sondern macht die hineingeschubste nasse W\u00e4sche nur noch warm und l\u00e4sst sie nass. Was ja nicht Sinn eines Trockners ist.<\/p>\n<p>Bl\u00f6derweise konnte ich partout den vermaledeiten Kaufbeleg nicht mehr finden. Der muss weg sein. Was ja auch irgendwie in Murphys Gesetzessammlung passt, dass man immer den Beleg, den man sucht, gerade nicht findet; daf\u00fcr aber das Kn\u00f6llchen f\u00fcrs Falschparken von vor 6,8\u00a0Jahren.<\/p>\n<p>Wie auch immer \u2026 des Dramas, auf v\u00f6llig antike Art und Weise die Socken wieder auf einen W\u00e4schest\u00e4nder baumeln zu m\u00fcssen, war ich leid. Quittung hin \u2013 Garantie her; bevor wir den Trockner aufgeben und auf den Elektroschrott entsorgen, k\u00f6nnte ja doch mal jemand, der sich damit auskennt, nachschauen, was genau der arme denn hat, auch wenn wir diesem Jemand dann die Herfahrt und das Nachgucken bezahlen m\u00fcssten. Es k\u00f6nnte sich dabei ja auch herausstellen, dass es nur ein W\u00e4schetrocknerschnupfen ist, der fix behoben werden kann. Ehrlich gestanden hatte ich diesbez\u00fcglich aber wenig Hoffnung, denn eigentlich gibt es ja auf Youtube und Co. immer zu allem kleine HILFE, MEIN XYZ-Dingsbums IST KAPUTT \u2013 WAS KANN ICH TUN?-tutorials. Eigentlich. Ich habe auch zu \u201eHilfe, mein Siemens-W\u00e4schetrockner trocknet nicht mehr\u2026.\u201c ge-youtubt, fand aber keine geeignete Anleitung, wie man dem Problem begegnen soll. Jedenfalls keines ohne Akkuschrauber und Hackebeil.<\/p>\n<p>Nun, ich gab die Suche nach dem Beleg auf und rief den NHamer W\u00e4schetrocknerheilemacherservice an. Nach einem angeregt netten Telefonat einigten wir uns dann darauf, dass am Freitag, dem 13. 3. jemand sich das Sorgentrocknerkind anguckt. Und weil das Telefonat so nett war, und ich dem Fachmann u. a. auch von meiner Dusseligkeit erz\u00e4hlte, den bl\u00f6den Beleg nicht mehr zu finden und deswegen die Garantie, die eigentlich noch da ist, nun nicht mehr da ist, gab dieser mir den Tipp: Man k\u00f6nnte doch auch bei Dingenskirchen \u2013 den Markt, wo man angeblich nicht bl\u00f6d ist \u2013 anrufen, ob die das noch haben. Vielleicht haben die ja ein gekonnteres Ablagesystem, als ich.<\/p>\n<p>Das ist \u00fcberhaupt DIE Idee! (H\u00e4tte ich auch selbst drauf kommen k\u00f6nnen). Und weil ich Dank Blog noch wusste, wann wir das Trocknerchen nach Hause geschleppt hatten, wusste ich wenigstens noch ungef\u00e4hr, wann wir es demzufolge auch gekauft haben.<\/p>\n<p>Eine Stunde sp\u00e4ter hatte ich diese Mail versandt:<\/p>\n<p><img loading=\"lazy\" decoding=\"async\" class=\"alignnone size-full wp-image-11688\" src=\"http:\/\/sajec.de\/blog\/wp-content\/uploads\/2015\/03\/W\u00e4schetrockneremail.jpg\" alt=\"W\u00e4schetrockneremail\" width=\"1000\" height=\"491\" srcset=\"https:\/\/sajec.de\/blog\/wp-content\/uploads\/2015\/03\/W\u00e4schetrockneremail.jpg 1000w, https:\/\/sajec.de\/blog\/wp-content\/uploads\/2015\/03\/W\u00e4schetrockneremail-300x147.jpg 300w, https:\/\/sajec.de\/blog\/wp-content\/uploads\/2015\/03\/W\u00e4schetrockneremail-150x74.jpg 150w, https:\/\/sajec.de\/blog\/wp-content\/uploads\/2015\/03\/W\u00e4schetrockneremail-400x196.jpg 400w\" sizes=\"auto, (max-width: 1000px) 100vw, 1000px\" \/><\/p>\n<p><span style=\"color: #cc99ff;\">(huch, da ist ja doch noch ein Tippfehler drin, so was aber auch!)<\/span><\/p>\n<p>Und noch eine Stunde sp\u00e4ter hatte ich Antwort und eine Kopie inklusive Servicenummer im Trocknerverweigerungsfall innerhalb der n\u00e4chsten 5 Jahre.<\/p>\n<p>Es folgte ein erneutes Gespr\u00e4ch, diesmal mit dem Garantiebearbeiter extra von Herrn Siemens, und der schickt nun auch einen Techniker an eben jenen Freitag, den 13. zu uns, damit der Trockner begutachtet und bestenfalls heile gemacht werden kann. Damit aber an jenem denkw\u00fcrdigen Freitag nicht 2 Handwerker sich um die Rettung des geliebten W\u00e4schetrockners pr\u00fcgeln, musste ich dann ein 3. Telefonat f\u00fchren, und unter ehrlicher Verlegenheit und Anteilnahme den ersten Anguck-\/Reparaturversuchstermin canceln.<\/p>\n<p>Und nun bin ich gespannt, ob der Trockner noch zu retten sein wird. Bis dahin h\u00e4nge ich erst mal weiter analog und antik die Socken auf den W\u00e4schest\u00e4nder.<\/p>\n<p>Die Sache bekommt also noch einen 2. Teil. Dr\u00fcckt die Daumen, dass es ein gutes &#8211; trockenes! &#8211;\u00a0 Happy End sein wird!<\/p>\n","protected":false},"excerpt":{"rendered":"<p>Der ist &#8211; ich glaube ich habe dar\u00fcber bereits an anderer Stelle gejammert \u2013 kaputt, denn er trocknet nun nicht mehr, sondern macht die hineingeschubste nasse W\u00e4sche nur noch warm und l\u00e4sst sie nass. Was ja nicht Sinn eines Trockners &hellip; <a href=\"https:\/\/sajec.de\/blog\/die-sache-mit-dem-kaputten-trockner-teil-1\/\">Weiterlesen <span class=\"meta-nav\">&rarr;<\/span><\/a><\/p>\n","protected":false},"author":2,"featured_media":0,"comment_status":"open","ping_status":"open","sticky":false,"template":"","format":"standard","meta":{"ngg_post_thumbnail":0,"footnotes":""},"categories":[1],"tags":[],"class_list":["post-11687","post","type-post","status-publish","format-standard","hentry","category-tagebuch"],"_links":{"self":[{"href":"https:\/\/sajec.de\/blog\/wp-json\/wp\/v2\/posts\/11687","targetHints":{"allow":["GET"]}}],"collection":[{"href":"https:\/\/sajec.de\/blog\/wp-json\/wp\/v2\/posts"}],"about":[{"href":"https:\/\/sajec.de\/blog\/wp-json\/wp\/v2\/types\/post"}],"author":[{"embeddable":true,"href":"https:\/\/sajec.de\/blog\/wp-json\/wp\/v2\/users\/2"}],"replies":[{"embeddable":true,"href":"https:\/\/sajec.de\/blog\/wp-json\/wp\/v2\/comments?post=11687"}],"version-history":[{"count":7,"href":"https:\/\/sajec.de\/blog\/wp-json\/wp\/v2\/posts\/11687\/revisions"}],"predecessor-version":[{"id":11695,"href":"https:\/\/sajec.de\/blog\/wp-json\/wp\/v2\/posts\/11687\/revisions\/11695"}],"wp:attachment":[{"href":"https:\/\/sajec.de\/blog\/wp-json\/wp\/v2\/media?parent=11687"}],"wp:term":[{"taxonomy":"category","embeddable":true,"href":"https:\/\/sajec.de\/blog\/wp-json\/wp\/v2\/categories?post=11687"},{"taxonomy":"post_tag","embeddable":true,"href":"https:\/\/sajec.de\/blog\/wp-json\/wp\/v2\/tags?post=11687"}],"curies":[{"name":"wp","href":"https:\/\/api.w.org\/{rel}","templated":true}]}}