{"id":11730,"date":"2015-03-20T15:24:34","date_gmt":"2015-03-20T14:24:34","guid":{"rendered":"http:\/\/sajec.de\/blog\/?p=11730"},"modified":"2015-03-20T15:24:34","modified_gmt":"2015-03-20T14:24:34","slug":"der-sonnenfinsternis-fake-freitag","status":"publish","type":"post","link":"https:\/\/sajec.de\/blog\/der-sonnenfinsternis-fake-freitag\/","title":{"rendered":"Der Sonnenfinsternis-Fake-Freitag"},"content":{"rendered":"<p>Alle Welt twitterte heute Vormittag von der Sonnenfinsternis. Hatte mich auch darauf gefreut, aber Chef, seines Zeichens Vorunker, unkte bereits letzte Woche herum, dass es heute sicherlich bew\u00f6lkt sein und die Sonnenfinsternis in R. ausfallen w\u00fcrde. Recht sollte er behalten. Au\u00dfer den \u00fcblichen Akten im B\u00fcro war von einer Eclipse nichts zu sehen. Der Himmel war und blieb grau, so oft ich auch hoffnungsvoll zwischen den Aktenbergen aus dem Fenster schielte.<\/p>\n<p><img loading=\"lazy\" decoding=\"async\" class=\"alignnone size-full wp-image-11731\" src=\"http:\/\/sajec.de\/blog\/wp-content\/uploads\/2015\/03\/SoFiFake2015.jpg\" alt=\"SoFiFake2015\" width=\"850\" height=\"638\" srcset=\"https:\/\/sajec.de\/blog\/wp-content\/uploads\/2015\/03\/SoFiFake2015.jpg 850w, https:\/\/sajec.de\/blog\/wp-content\/uploads\/2015\/03\/SoFiFake2015-300x225.jpg 300w, https:\/\/sajec.de\/blog\/wp-content\/uploads\/2015\/03\/SoFiFake2015-150x113.jpg 150w, https:\/\/sajec.de\/blog\/wp-content\/uploads\/2015\/03\/SoFiFake2015-400x300.jpg 400w\" sizes=\"auto, (max-width: 850px) 100vw, 850px\" \/><\/p>\n<p>Kurz wurde es mal so etwas wie dunkel drau\u00dfen, aber auch nicht soooo derartig duster, dass man es h\u00e4tte bemerken k\u00f6nnen. Da gab es schon Gewitterfronten, die hier vorbeizogen, die es dunkler veranstalteten, als das, was diese SoFi zu bieten hatte.<\/p>\n<p>Leider hatten mich die Akten &#8211; wie \u00fcblich an einem Freitag &#8211; derma\u00dfen\u00a0unter Beschlag genommen, so dass ich nicht einmal dazu kam, das Spektakel via Twitter &amp; Co. zu verfolgen, berichtet von denjenigen, die mehr Gl\u00fcck hatten, als wir. Immerhin konnte\u00a0ich p\u00fcnktlich aus dem B\u00fcro fliehen, habe die Post in den Kasten geschubst, beim Chinesen intelligenter Weise &#8222;2 x Chinesisch, bitte&#8220; bestellt (wir einigten uns dann auf das freitags\u00fcbliche Ente mit Nudeln und s\u00fc\u00df-saurer So\u00dfe-Men\u00fc) und habe auf dem heimischen Sofa das Wochenende eingel\u00e4utet.<\/p>\n<p>Nachher geht es noch ins Kino zum Cinderella-Film. Auf den freue ich mich schon eine ganze Weile und das wird auch mein Highlight f\u00fcr den M\u00e4rz sein (den Februar hatte ich highlight-technisch verschlampt).<\/p>\n<p>Seit letzter Woche funktioniert ja der Trockner wieder, daf\u00fcr ist nun die Waschmaschine endg\u00fcltig gestorben. Nach 12 Jahren war das wohl absehbar. Sie w\u00fcrde vielleicht noch irgendwie funktionieren, allerdings rattert mittlerweile das Lager\u00a0derma\u00dfen laut und die Trommel l\u00e4uft total\u00a0unrund, dass ich schlicht\u00a0Angst habe, dass sie mir beim n\u00e4chsten Schleudergang rapide um die Ohren fliegen k\u00f6nnte. Also lassen wir das lieber. Wenn alles gut geht, haben wir n\u00e4chsten Freitag eine neue, und bis dahin wasche ich eben fremd beim Bazillus.<\/p>\n","protected":false},"excerpt":{"rendered":"<p>Alle Welt twitterte heute Vormittag von der Sonnenfinsternis. Hatte mich auch darauf gefreut, aber Chef, seines Zeichens Vorunker, unkte bereits letzte Woche herum, dass es heute sicherlich bew\u00f6lkt sein und die Sonnenfinsternis in R. ausfallen w\u00fcrde. Recht sollte er behalten. &hellip; <a href=\"https:\/\/sajec.de\/blog\/der-sonnenfinsternis-fake-freitag\/\">Weiterlesen <span class=\"meta-nav\">&rarr;<\/span><\/a><\/p>\n","protected":false},"author":2,"featured_media":0,"comment_status":"open","ping_status":"open","sticky":false,"template":"","format":"standard","meta":{"ngg_post_thumbnail":0,"footnotes":""},"categories":[1],"tags":[],"class_list":["post-11730","post","type-post","status-publish","format-standard","hentry","category-tagebuch"],"_links":{"self":[{"href":"https:\/\/sajec.de\/blog\/wp-json\/wp\/v2\/posts\/11730","targetHints":{"allow":["GET"]}}],"collection":[{"href":"https:\/\/sajec.de\/blog\/wp-json\/wp\/v2\/posts"}],"about":[{"href":"https:\/\/sajec.de\/blog\/wp-json\/wp\/v2\/types\/post"}],"author":[{"embeddable":true,"href":"https:\/\/sajec.de\/blog\/wp-json\/wp\/v2\/users\/2"}],"replies":[{"embeddable":true,"href":"https:\/\/sajec.de\/blog\/wp-json\/wp\/v2\/comments?post=11730"}],"version-history":[{"count":1,"href":"https:\/\/sajec.de\/blog\/wp-json\/wp\/v2\/posts\/11730\/revisions"}],"predecessor-version":[{"id":11732,"href":"https:\/\/sajec.de\/blog\/wp-json\/wp\/v2\/posts\/11730\/revisions\/11732"}],"wp:attachment":[{"href":"https:\/\/sajec.de\/blog\/wp-json\/wp\/v2\/media?parent=11730"}],"wp:term":[{"taxonomy":"category","embeddable":true,"href":"https:\/\/sajec.de\/blog\/wp-json\/wp\/v2\/categories?post=11730"},{"taxonomy":"post_tag","embeddable":true,"href":"https:\/\/sajec.de\/blog\/wp-json\/wp\/v2\/tags?post=11730"}],"curies":[{"name":"wp","href":"https:\/\/api.w.org\/{rel}","templated":true}]}}