{"id":1363,"date":"2010-07-08T12:30:24","date_gmt":"2010-07-08T11:30:24","guid":{"rendered":"http:\/\/sajec.de\/blog\/?p=1363"},"modified":"2010-07-12T14:45:11","modified_gmt":"2010-07-12T13:45:11","slug":"schland-ist-raus","status":"publish","type":"post","link":"https:\/\/sajec.de\/blog\/schland-ist-raus\/","title":{"rendered":"Schland ist raus"},"content":{"rendered":"<p><span style=\"text-decoration: underline;\"><strong>Nachtrag 12.07.2010: <\/strong><\/span><\/p>\n<p><a href=\"http:\/\/sajec.de\/blog\/wp-content\/uploads\/2010\/07\/GDRfahne2.jpg\"><img loading=\"lazy\" decoding=\"async\" class=\"alignnone size-full wp-image-1421\" title=\"Fahne\" src=\"http:\/\/sajec.de\/blog\/wp-content\/uploads\/2010\/07\/GDRfahne2.jpg\" alt=\"\" width=\"567\" height=\"665\" srcset=\"https:\/\/sajec.de\/blog\/wp-content\/uploads\/2010\/07\/GDRfahne2.jpg 567w, https:\/\/sajec.de\/blog\/wp-content\/uploads\/2010\/07\/GDRfahne2-255x300.jpg 255w\" sizes=\"auto, (max-width: 567px) 100vw, 567px\" \/><\/a><\/p>\n<p>Heute Morgen habe ich etwas wehm\u00fctig das F\u00e4hnchen &#8211; das seit dem LENA-Spektakel lustig auf dem Dach flatterte &#8211; abgepfl\u00fcckt. Sie war auch schon m\u00e4chtig zerfleddert, was bei 4 x 100 km pro Woche auch nicht wirklich verwunderlich ist. Aber wohin mit der Fahnen-Leiche? Einfach so in den M\u00fclleimer? Darf man das? Es ist schlie\u00dflich irgendwie ein Staatssymbol! Ich hatte Skrupel &#8211; aber warf es dann trotzdem fein s\u00e4uberlich in den Restm\u00fcll. Ordnung muss ja schlie\u00dflich sein.<\/p>\n<p>&#8212;&#8212;&#8212;&#8212;&#8212;&#8212;&#8212;&#8212;&#8212;&#8212;&#8212;&#8212;&#8212;&#8212;&#8212;&#8212;&#8212;&#8212;&#8212;&#8212;&#8212;&#8212;&#8212;&#8212;&#8212;-<\/p>\n<p><span style=\"text-decoration: underline;\"><strong>08.07.2010<\/strong><\/span><\/p>\n<p>Deutschland hat gegen Spanien gespielt im Halbfinale der WM 2010 &#8211; und  verloren. Der olle Krake hatte Recht, die Spanier waren eindeutig  besser. Das deutsche Sommerm\u00e4rchen geht trotzdem weiter. Fu\u00dfball macht  Spass, vor allem wenn man dabei mit den F\u00fc\u00dfen in k\u00fchlendem Wasser  plantschen kann, Eiskaffee und eisgek\u00fchlte Melonenst\u00fcckchen verputzt und  der Ventilator frische Luft zu einem wedelt. Dabei pl\u00e4tschert meine  Twitter-Timeline lustig vor sich hin und ich br\u00fclle mir die Lungen wund,  wenn Poldi einen Elfmeter versemmelt oder mal wieder nur Manuel Neuer  ein weiteres Gegentor auf geniale Weise verhindert. Ich hatte jedenfalls  eine Menge Spass, wenn auch den einen oder anderen mentalen  Zusammenbruch, und daf\u00fcr ein <strong>strahlendes DANKE JOGI-L\u00f6wen-Team<\/strong>.  Na dann &#8230; <strong>auf zur EM 2012<\/strong>.<\/p>\n","protected":false},"excerpt":{"rendered":"<p>Nachtrag 12.07.2010: Heute Morgen habe ich etwas wehm\u00fctig das F\u00e4hnchen &#8211; das seit dem LENA-Spektakel lustig auf dem Dach flatterte &#8211; abgepfl\u00fcckt. Sie war auch schon m\u00e4chtig zerfleddert, was bei 4 x 100 km pro Woche auch nicht wirklich verwunderlich &hellip; <a href=\"https:\/\/sajec.de\/blog\/schland-ist-raus\/\">Weiterlesen <span class=\"meta-nav\">&rarr;<\/span><\/a><\/p>\n","protected":false},"author":2,"featured_media":0,"comment_status":"open","ping_status":"open","sticky":false,"template":"","format":"standard","meta":{"ngg_post_thumbnail":0,"footnotes":""},"categories":[1],"tags":[],"class_list":["post-1363","post","type-post","status-publish","format-standard","hentry","category-tagebuch"],"_links":{"self":[{"href":"https:\/\/sajec.de\/blog\/wp-json\/wp\/v2\/posts\/1363","targetHints":{"allow":["GET"]}}],"collection":[{"href":"https:\/\/sajec.de\/blog\/wp-json\/wp\/v2\/posts"}],"about":[{"href":"https:\/\/sajec.de\/blog\/wp-json\/wp\/v2\/types\/post"}],"author":[{"embeddable":true,"href":"https:\/\/sajec.de\/blog\/wp-json\/wp\/v2\/users\/2"}],"replies":[{"embeddable":true,"href":"https:\/\/sajec.de\/blog\/wp-json\/wp\/v2\/comments?post=1363"}],"version-history":[{"count":6,"href":"https:\/\/sajec.de\/blog\/wp-json\/wp\/v2\/posts\/1363\/revisions"}],"predecessor-version":[{"id":1365,"href":"https:\/\/sajec.de\/blog\/wp-json\/wp\/v2\/posts\/1363\/revisions\/1365"}],"wp:attachment":[{"href":"https:\/\/sajec.de\/blog\/wp-json\/wp\/v2\/media?parent=1363"}],"wp:term":[{"taxonomy":"category","embeddable":true,"href":"https:\/\/sajec.de\/blog\/wp-json\/wp\/v2\/categories?post=1363"},{"taxonomy":"post_tag","embeddable":true,"href":"https:\/\/sajec.de\/blog\/wp-json\/wp\/v2\/tags?post=1363"}],"curies":[{"name":"wp","href":"https:\/\/api.w.org\/{rel}","templated":true}]}}