{"id":13712,"date":"2015-06-06T11:15:33","date_gmt":"2015-06-06T09:15:33","guid":{"rendered":"http:\/\/sajec.de\/blog\/?p=13712"},"modified":"2015-06-06T11:18:00","modified_gmt":"2015-06-06T09:18:00","slug":"freitage-sind-die-besten-tage-der-woche","status":"publish","type":"post","link":"https:\/\/sajec.de\/blog\/freitage-sind-die-besten-tage-der-woche\/","title":{"rendered":"Freitage sind die besten Tage der Woche"},"content":{"rendered":"<p>Meistens. Auch, wenn im B\u00fcro der B\u00e4r tobt, weil Chef kurz vor seinem Urlaubsabflug steht. Und auch, wenn ich &#8211; wie es mir gestern passierte &#8211; quasi verpennt habe und Chef vor mir im B\u00fcro war. Ups. Von dem geplanten kleinen Fr\u00fchst\u00fcck hat uns das trotzdem nicht abgehalten.<\/p>\n<p>Nach B\u00fcroschluss fix noch zu Tante Aenne und G. + E. umarmen, mit Tante Aenne die \u00fcbliche Haferflockeneinkaufstour absolviert und dann war auch f\u00fcr mich Wochenende. Es war warm, sehr warm. Auf Haushaltsputzing hatte ich keine Lust. Das l\u00e4uft auch nicht weg. Also habe ich mir (Nach)Mittagsschlaf geg\u00f6nnt. 19.30 Uhr war ich dann auch wieder wach. Was nun? Das TV-Programm versprach mal wieder nur schrottig zu werden, Hunger hatte ich auch. So schlug ich spontan dem Knuffel-Hubby vor, sich bei McDoof-Drive was abzupicken und sich einen lauschigen Platz am Jadebusen zu suchen, wo wir ganz f\u00fcr uns sein w\u00fcrden. Und er war einverstanden! (Vermutlich hatte ihn die Aussicht auf was zu Futtern \u00fcberzeugt.) Decke und Canon fix eingepackt, und spontan den Plan umgesetzt. Leider war das Licht gestern nicht so fantastisch, wie es sein kann. Aber es war trotzdem cool, vor allem, als dann in der Ferne &#8211; in Varel &#8211; das erste Wetterleuchten aufblitzte und Gewitter versprach.<\/p>\n<p><img loading=\"lazy\" decoding=\"async\" class=\"alignnone size-full wp-image-13713\" src=\"http:\/\/sajec.de\/blog\/wp-content\/uploads\/2015\/06\/Jadebuseengewitter05062015.jpg\" alt=\"Jadebuseengewitter05062015\" width=\"850\" height=\"567\" srcset=\"https:\/\/sajec.de\/blog\/wp-content\/uploads\/2015\/06\/Jadebuseengewitter05062015.jpg 850w, https:\/\/sajec.de\/blog\/wp-content\/uploads\/2015\/06\/Jadebuseengewitter05062015-300x200.jpg 300w, https:\/\/sajec.de\/blog\/wp-content\/uploads\/2015\/06\/Jadebuseengewitter05062015-150x100.jpg 150w, https:\/\/sajec.de\/blog\/wp-content\/uploads\/2015\/06\/Jadebuseengewitter05062015-400x267.jpg 400w\" sizes=\"auto, (max-width: 850px) 100vw, 850px\" \/><\/p>\n<p>Kurz vor Mitternacht waren wir dann auch wieder zu Hause, verbrachten noch ein paar Minuten auf dem Balkon und schauten dem weiter n\u00e4her\u00a0kommenden Wetterleuchten zu, bevor wir ins Bett verschwanden, wo ich himmlisch und zufrieden einschlief, nur kurz geweckt und l\u00e4chelnd\u00a0\u00fcber ein richtiges Gewitter (das ich dann aber doch\u00a0selig verschlief). Es war bereits\u00a0ein bisschen ein Gef\u00fchl wie Urlaub.<\/p>\n<p>Leider ist nun der Haushalt \u00fcberf\u00e4llig, aber den schaffe ich auch noch.<\/p>\n<p>Alles in allem: Endlich wieder ein gutes Gef\u00fchl &#8211; rundherum und mit allem, trotz liegen gebliebenem Haushaltskram, dem es jetzt an den Kragen geht.<\/p>\n","protected":false},"excerpt":{"rendered":"<p>Meistens. Auch, wenn im B\u00fcro der B\u00e4r tobt, weil Chef kurz vor seinem Urlaubsabflug steht. Und auch, wenn ich &#8211; wie es mir gestern passierte &#8211; quasi verpennt habe und Chef vor mir im B\u00fcro war. Ups. Von dem geplanten &hellip; <a href=\"https:\/\/sajec.de\/blog\/freitage-sind-die-besten-tage-der-woche\/\">Weiterlesen <span class=\"meta-nav\">&rarr;<\/span><\/a><\/p>\n","protected":false},"author":2,"featured_media":0,"comment_status":"open","ping_status":"open","sticky":false,"template":"","format":"standard","meta":{"ngg_post_thumbnail":0,"footnotes":""},"categories":[5,1],"tags":[],"class_list":["post-13712","post","type-post","status-publish","format-standard","hentry","category-bilder","category-tagebuch"],"_links":{"self":[{"href":"https:\/\/sajec.de\/blog\/wp-json\/wp\/v2\/posts\/13712","targetHints":{"allow":["GET"]}}],"collection":[{"href":"https:\/\/sajec.de\/blog\/wp-json\/wp\/v2\/posts"}],"about":[{"href":"https:\/\/sajec.de\/blog\/wp-json\/wp\/v2\/types\/post"}],"author":[{"embeddable":true,"href":"https:\/\/sajec.de\/blog\/wp-json\/wp\/v2\/users\/2"}],"replies":[{"embeddable":true,"href":"https:\/\/sajec.de\/blog\/wp-json\/wp\/v2\/comments?post=13712"}],"version-history":[{"count":2,"href":"https:\/\/sajec.de\/blog\/wp-json\/wp\/v2\/posts\/13712\/revisions"}],"predecessor-version":[{"id":13715,"href":"https:\/\/sajec.de\/blog\/wp-json\/wp\/v2\/posts\/13712\/revisions\/13715"}],"wp:attachment":[{"href":"https:\/\/sajec.de\/blog\/wp-json\/wp\/v2\/media?parent=13712"}],"wp:term":[{"taxonomy":"category","embeddable":true,"href":"https:\/\/sajec.de\/blog\/wp-json\/wp\/v2\/categories?post=13712"},{"taxonomy":"post_tag","embeddable":true,"href":"https:\/\/sajec.de\/blog\/wp-json\/wp\/v2\/tags?post=13712"}],"curies":[{"name":"wp","href":"https:\/\/api.w.org\/{rel}","templated":true}]}}