{"id":13718,"date":"2015-06-06T11:51:12","date_gmt":"2015-06-06T09:51:12","guid":{"rendered":"http:\/\/sajec.de\/blog\/?p=13718"},"modified":"2015-06-06T13:35:40","modified_gmt":"2015-06-06T11:35:40","slug":"altes-blog-geschrottet","status":"publish","type":"post","link":"https:\/\/sajec.de\/blog\/altes-blog-geschrottet\/","title":{"rendered":"Altes Blog geschrottet"},"content":{"rendered":"<p>Verdammt &#8211; das bedeutet wieder Arbeit!<\/p>\n<p>Ja ich wei\u00df &#8230; \u00a0es sieht hier noch ein wenig kahl und merkw\u00fcrdig aus, und ich wei\u00df selbst noch nicht, ob ich das so lassen soll und behalten werde. Eigentlich war das alles so gar nicht geplant.<\/p>\n<p>Zwischen Duschkabine schrubben und Geschirrsp\u00fcler ausr\u00e4umen sah ich: <strong>Neues WordPress Theme Update<\/strong>. Kann&#8217;ste ja mal klicken. Naiv wie ich immer in solchen Dingen nach einer Weile, die es bisher immer gut ging, bin, klickte ich. Nat\u00fcrlich war darauf mein Header weg &#8211; das kannte ich ja schon von den anderen Updates davor und sollte eigentlich kein Problem mehr sein und Paniksch\u00fcbe hervorrufen; bastel ich eben meinen eigenen Header wieder hin. Das hatte ich gerade erledigt und wollte mich wieder dem wartenden Putzeimer widmen, als ich merkte: Das gesamte Widget-Navi ist v\u00f6llig durcheinander, meine kleinen ICH-Bilder sind v\u00f6llig weg und \u00fcberhaupt<\/p>\n<p><strong>&#8230; alles &#8230; geschrottet.<\/strong> BL\u00d6D!<\/p>\n<p>Und wenn dann eh schon alles weg oder verschoben ist, kann ich ja auch gleich mal ein anderes Theme probieren &#8230; und damit\u00a0hatte ich den Putzeimer quasi vergessen und verbrachte wieder Stunden damit, mich in CSS einzufuchsen und mit dem neuen Theme klar zu kommen. Welcher Farbcode hatte mein altes Blog? Den hatte ich doch mal aufgeschrieben &#8230; hatte ich wohl &#8230; und dann verlegt. Und so ergibt ein Problem das n\u00e4chste, man hangelt sich von einer\u00a0L\u00f6sung zur anderen, entdeckt auf dem nervenaufreibenden Weg dahin andere M\u00f6glichkeiten, setzt sich was Neues\u00a0in den Kopf, versucht und bastelt, scheitert, kriegt es dann doch irgendwie hin &#8230; \u00a0und ist doch nie ganz zufrieden. Hier wartet also in den n\u00e4chsten Tagen noch einiges an Arbeit auf mit.<br \/>\nDer Haushalt ist aber zwischendurch auch erledigt. Wenn das Blogrumbasteln nicht so will, wie ich wohl will, tut es ganz gut, zwischen zwei <em>SCHEI\u00dfE &#8211; Warum geht das denn jetzt nicht?!-Ausrufen<\/em> das Katzenklo sauber zu machen.<\/p>\n","protected":false},"excerpt":{"rendered":"<p>Verdammt &#8211; das bedeutet wieder Arbeit! Ja ich wei\u00df &#8230; \u00a0es sieht hier noch ein wenig kahl und merkw\u00fcrdig aus, und ich wei\u00df selbst noch nicht, ob ich das so lassen soll und behalten werde. Eigentlich war das alles so &hellip; <a href=\"https:\/\/sajec.de\/blog\/altes-blog-geschrottet\/\">Weiterlesen <span class=\"meta-nav\">&rarr;<\/span><\/a><\/p>\n","protected":false},"author":2,"featured_media":0,"comment_status":"open","ping_status":"open","sticky":false,"template":"","format":"standard","meta":{"ngg_post_thumbnail":0,"footnotes":""},"categories":[1],"tags":[],"class_list":["post-13718","post","type-post","status-publish","format-standard","hentry","category-tagebuch"],"_links":{"self":[{"href":"https:\/\/sajec.de\/blog\/wp-json\/wp\/v2\/posts\/13718","targetHints":{"allow":["GET"]}}],"collection":[{"href":"https:\/\/sajec.de\/blog\/wp-json\/wp\/v2\/posts"}],"about":[{"href":"https:\/\/sajec.de\/blog\/wp-json\/wp\/v2\/types\/post"}],"author":[{"embeddable":true,"href":"https:\/\/sajec.de\/blog\/wp-json\/wp\/v2\/users\/2"}],"replies":[{"embeddable":true,"href":"https:\/\/sajec.de\/blog\/wp-json\/wp\/v2\/comments?post=13718"}],"version-history":[{"count":6,"href":"https:\/\/sajec.de\/blog\/wp-json\/wp\/v2\/posts\/13718\/revisions"}],"predecessor-version":[{"id":13726,"href":"https:\/\/sajec.de\/blog\/wp-json\/wp\/v2\/posts\/13718\/revisions\/13726"}],"wp:attachment":[{"href":"https:\/\/sajec.de\/blog\/wp-json\/wp\/v2\/media?parent=13718"}],"wp:term":[{"taxonomy":"category","embeddable":true,"href":"https:\/\/sajec.de\/blog\/wp-json\/wp\/v2\/categories?post=13718"},{"taxonomy":"post_tag","embeddable":true,"href":"https:\/\/sajec.de\/blog\/wp-json\/wp\/v2\/tags?post=13718"}],"curies":[{"name":"wp","href":"https:\/\/api.w.org\/{rel}","templated":true}]}}