{"id":1378,"date":"2010-07-10T18:29:11","date_gmt":"2010-07-10T17:29:11","guid":{"rendered":"http:\/\/sajec.de\/blog\/?p=1378"},"modified":"2010-07-11T09:50:54","modified_gmt":"2010-07-11T08:50:54","slug":"es-ist-zu-heis","status":"publish","type":"post","link":"https:\/\/sajec.de\/blog\/es-ist-zu-heis\/","title":{"rendered":"Es ist zu hei\u00df &#8230;"},"content":{"rendered":"<p>.. . tr\u00e4llert nicht nur Farin dieser Tage. Es ist viel zu hei\u00df, denn es ist Sommer in Deutschland, ein Sommer, wie er fr\u00fcher einmal war &#8211; glaube ich.<br \/>\n35 \u00b0C, Sonne satt, viel Eis und Eiskaffee, die F\u00fc\u00dfe im kalten Wasser und der Venti wedelt etwas k\u00fchlere Luft in meine Richtung. So kann man es aushalten. Wenn der Venti nicht schlapp macht. Meiner machte heute schlapp. Als ich vom Wahnsinn Sonnabend-SHOPPING nach hause kam und nur noch eins wollte: nach der Dusche vor dem Venti sitzen und NICHTS mehr tun, nicht mal mehr denken; muxte sich besagter Ventilator, der 12 Jahre lang treu jeden Sommer mehr oder weniger die Luft quirlte, nicht mehr. Nix. Stecker rein, Stecker raus, gesch\u00fcttelt, alle Kn\u00f6pfe gedr\u00fcckt, die noch dr\u00fcckbar waren &#8211; es half alles nichts, der war tot. Und ich w\u00fcrde es auch sein, wollte ich das angek\u00fcndigte Hitzerekordwochenende in meiner Dachwohnung irgendwie \u00fcberleben. Also: Wieder raus in die Hitze und in den Wahnsinn und zum n\u00e4chsten Baumarkt (derjenige, die vor einiger Zeit werbetechnisch &#8222;We will we will rock you &#8230;&#8220; verschandelten). Ich lief durch die unendlichen Schluchten des Baumarkts (der zum Gl\u00fcck gut gek\u00fchlt war, wenigstens das) und suchte nach Miefquirlen, fand aber keine. Nun bin ich ja Frau, und als Frau darf man fragen, wenn man den Weg nicht findet. Also fragte ich, und nach der gequ\u00e4lten Mimik des befragten Fachverk\u00e4ufers zu urteilen, war ich nicht die erste heute, der er: &#8222;Die sind alle ausverkauft. Eventuell bekommen wir Montag wieder welche rein!&#8220; antwortete. Wer h\u00e4tte ja auch ahnen k\u00f6nnen, dass Leute bei 40 \u00b0C anfangen, Ventilatoren kaufen zu wollen.<\/p>\n<p>Ich geb ja nicht so schnell auf, und das D\u00e4mliche Liegem\u00f6belresort lag auch auf dem Weg, gleich neben dem Techniker-Laden. Aber auch dort: SOLD OUT. Auch bei Tele-P\u00fcnktchen und bei einem heimischen Haushaltsger\u00e4teladen. Ich war am Verzweifeln. Scheinbar gab es im Umkreis der n\u00e4chsten 50 km nirgends mehr Ventis zu kaufen. Einen Versuch hatte ich noch, wenn ich auch nicht mehr viel Hoffnung hatte, ausgerechnet im FAMILA-Supermarkt f\u00fcndig zu werden. Doch: Ich hatte Gl\u00fcck &#8211; ich fand das winzige Regal mit den letzten zwei Ventilatoren drin. Davor standen zwei \u00e4ltere Damen, schwer am diskutieren, ob ein Ventilator f\u00fcr 14,95 \u20ac nicht doch ein bisschen zu teuer sein w\u00fcrde. Hilde redete auf Erna ein, dass sie Zugluft gar nicht so besonders ab k\u00f6nne und das Ding dann maximal auf Stufe 1 laufen d\u00fcrfte. Erna war sich nicht so sicher, ob ihrem Kanarienpieps der Venti nicht zu st\u00fcrmisch w\u00e4re und \u00fcberhaupt, wo sollte der denn stehen?<\/p>\n<p>Ich hatte die Nase voll, ich wollte BEIDE Ventilatoren! Ich hatte die verdient, denn ich habe eine Dachwohnung und einen toten Ventilator im Flur. Ich war f\u00fcr diese beiden letzten Exemplare 25 km gefahren, hatte 5 Gesch\u00e4fte abgeklappert. Ich w\u00fcrde nicht ohne wieder nach hause fahren. Jetzt nicht mehr. Erna diskutierte immer noch mit Hilde, mittlerweile war auch ein nicht anwesender Sohn in den \u00dcberlegungen der Ladies mit einbezogen, der das Gebl\u00e4se vermutlich erst n\u00e4chste Woche aufbauen w\u00fcrde k\u00f6nnen. Na bitte &#8211; damit war f\u00fcr mich die Entscheidung gefallen. Der Venti w\u00fcrde bei den beiden Bridge-Queens (sie sahen irgendwie danach aus, als w\u00fcrden sie Bridge spielen am Freitag) noch eine Woche unausgepackt und nutzlos herumstehen, aber bei mir wurde der dringend und zwar sofort gebraucht. Erna und Hilde k\u00f6nnen sich auch n\u00e4chste Woche noch einen besorgen und ich w\u00fcrde ihnen jetzt die l\u00e4stige Schlepperei in der Hitze ersparen. (Ich bin ein Menschenfreund LOL). Ich packte also Venti Nummer 1 in mein Einkaufsralleygef\u00e4hrt und mit einem immerhin h\u00f6flichen &#8222;Darf ich mal?!&#8220; griff ich dann auch nach dem letzten zweiten Venti (schlie\u00dflich braucht Hubby auch einen). Und schwupps, landete Venti Nummer 2 auch bei mir. Erna und Hilde guckten verdutzt, dann ver\u00e4rgert. Dann schimpfte Hilde los, dass sie doch aber den Venti zuerst gesehen h\u00e4tte. &#8222;Das mag schon sein, aber ich war jetzt schlicht schneller und ich brauch die!&#8220; &#8222;Aber sie k\u00f6nnen doch nicht beide Ger\u00e4te kaufen?&#8220; ereiferte sich Hilde immer noch. &#8222;Entschuldigung, das ist ein freies Land und ich kann zwei Ventilatoren kaufen!&#8220; Daraufhin wollte Erna den Gesch\u00e4ftsf\u00fchrer holen. P\u00fch &#8230; Ich trabte zur Kasse, gl\u00fccklich, doch noch die Ventis ergattert zu haben, die mir jetzt ein ganz kleines bisschen Abk\u00fchlung bescheren. Tut mir Leid, Erna und Hilde &#8211; aber ab Montag gibts ja wieder welche zu kaufen. Bis dahin habt ihr das bestimmt auch mit eurem Kanarienvogel ausdiskutiert. \ud83d\ude42<\/p>\n","protected":false},"excerpt":{"rendered":"<p>.. . tr\u00e4llert nicht nur Farin dieser Tage. Es ist viel zu hei\u00df, denn es ist Sommer in Deutschland, ein Sommer, wie er fr\u00fcher einmal war &#8211; glaube ich. 35 \u00b0C, Sonne satt, viel Eis und Eiskaffee, die F\u00fc\u00dfe im &hellip; <a href=\"https:\/\/sajec.de\/blog\/es-ist-zu-heis\/\">Weiterlesen <span class=\"meta-nav\">&rarr;<\/span><\/a><\/p>\n","protected":false},"author":2,"featured_media":0,"comment_status":"open","ping_status":"open","sticky":false,"template":"","format":"standard","meta":{"ngg_post_thumbnail":0,"footnotes":""},"categories":[1,3],"tags":[],"class_list":["post-1378","post","type-post","status-publish","format-standard","hentry","category-tagebuch","category-geschichten"],"_links":{"self":[{"href":"https:\/\/sajec.de\/blog\/wp-json\/wp\/v2\/posts\/1378","targetHints":{"allow":["GET"]}}],"collection":[{"href":"https:\/\/sajec.de\/blog\/wp-json\/wp\/v2\/posts"}],"about":[{"href":"https:\/\/sajec.de\/blog\/wp-json\/wp\/v2\/types\/post"}],"author":[{"embeddable":true,"href":"https:\/\/sajec.de\/blog\/wp-json\/wp\/v2\/users\/2"}],"replies":[{"embeddable":true,"href":"https:\/\/sajec.de\/blog\/wp-json\/wp\/v2\/comments?post=1378"}],"version-history":[{"count":8,"href":"https:\/\/sajec.de\/blog\/wp-json\/wp\/v2\/posts\/1378\/revisions"}],"predecessor-version":[{"id":1381,"href":"https:\/\/sajec.de\/blog\/wp-json\/wp\/v2\/posts\/1378\/revisions\/1381"}],"wp:attachment":[{"href":"https:\/\/sajec.de\/blog\/wp-json\/wp\/v2\/media?parent=1378"}],"wp:term":[{"taxonomy":"category","embeddable":true,"href":"https:\/\/sajec.de\/blog\/wp-json\/wp\/v2\/categories?post=1378"},{"taxonomy":"post_tag","embeddable":true,"href":"https:\/\/sajec.de\/blog\/wp-json\/wp\/v2\/tags?post=1378"}],"curies":[{"name":"wp","href":"https:\/\/api.w.org\/{rel}","templated":true}]}}