{"id":13784,"date":"2015-06-19T22:08:06","date_gmt":"2015-06-19T20:08:06","guid":{"rendered":"http:\/\/sajec.de\/blog\/?p=13784"},"modified":"2015-06-19T22:13:32","modified_gmt":"2015-06-19T20:13:32","slug":"mittelaltermarkt-in-rodenkirchen","status":"publish","type":"post","link":"https:\/\/sajec.de\/blog\/mittelaltermarkt-in-rodenkirchen\/","title":{"rendered":"Mittelaltermarkt in Rodenkirchen"},"content":{"rendered":"<p><img loading=\"lazy\" decoding=\"async\" class=\"alignnone size-full wp-image-13785\" src=\"http:\/\/sajec.de\/blog\/wp-content\/uploads\/2015\/06\/Rodenkirchen_Mittelalter_19062015.jpg\" alt=\"Rodenkirchen_Mittelalter_19062015\" width=\"850\" height=\"567\" srcset=\"https:\/\/sajec.de\/blog\/wp-content\/uploads\/2015\/06\/Rodenkirchen_Mittelalter_19062015.jpg 850w, https:\/\/sajec.de\/blog\/wp-content\/uploads\/2015\/06\/Rodenkirchen_Mittelalter_19062015-300x200.jpg 300w\" sizes=\"auto, (max-width: 850px) 100vw, 850px\" \/><\/p>\n<p>Lass uns durch das Zeitportal h\u00fcpfen, 300 Jahre in der Zeit zur\u00fcckreisen und Abendbrot zu uns nehmen.<\/p>\n<p>Leider war der 1. Rodenkirchener Mittelaltermarkt nur sp\u00e4rlich besucht, und dann regnete es auch noch. Wenn\u00a0ich am Mittwoch nicht zuf\u00e4llig ein winziges Plakat direkt vor dem Bahn\u00fcbergang zur Kanzlei entdeckt h\u00e4tte, w\u00fcsste ich gar nichts von dem Marktgeschehen. Die H\u00fcttenbesitzer taten mir Leid, so w\u00fcrden sie kaum Umsatz machen. Aber wenn wir schon mal da sind, dann nehmen wir uns auch Zeit &#8230; f\u00fcr ein St\u00fcckchen Spanferkel mit Kraut im Br\u00f6tchen. Saulecker! Viel viel besser als der Spie\u00dfbraten, den man auf dem Rodenkirchener Rummel f\u00fcr das selbe teure Geld erstehen muss. Und dann fanden wir die Whiskey-Bude, an der wir dann Station machten und in lustiger Runde mit so ziemlich fast allen Dialekten dieser Republik Unfug schnackten, bis mir schlicht zu kalt wurde, und ich meinen Knuffel nach Hause lotste. Aber vielleicht fahren wir ja morgen noch einmal in der Zeit zur\u00fcck&#8230; ich h\u00e4tte nichts dagegen.<\/p>\n<p><img loading=\"lazy\" decoding=\"async\" class=\"alignnone wp-image-13787 size-full\" src=\"http:\/\/sajec.de\/blog\/wp-content\/uploads\/2015\/06\/Rodenkirchen_Mittelalter_19062015_1.jpg\" alt=\"Rodenkirchen_Mittelalter_19062015_1\" width=\"850\" height=\"567\" srcset=\"https:\/\/sajec.de\/blog\/wp-content\/uploads\/2015\/06\/Rodenkirchen_Mittelalter_19062015_1.jpg 850w, https:\/\/sajec.de\/blog\/wp-content\/uploads\/2015\/06\/Rodenkirchen_Mittelalter_19062015_1-300x200.jpg 300w\" sizes=\"auto, (max-width: 850px) 100vw, 850px\" \/> <img loading=\"lazy\" decoding=\"async\" class=\"alignnone wp-image-13788 size-full\" src=\"http:\/\/sajec.de\/blog\/wp-content\/uploads\/2015\/06\/Rodenkirchen_Mittelalter_19062015_2.jpg\" alt=\"Rodenkirchen_Mittelalter_19062015_2\" width=\"850\" height=\"605\" srcset=\"https:\/\/sajec.de\/blog\/wp-content\/uploads\/2015\/06\/Rodenkirchen_Mittelalter_19062015_2.jpg 850w, https:\/\/sajec.de\/blog\/wp-content\/uploads\/2015\/06\/Rodenkirchen_Mittelalter_19062015_2-300x214.jpg 300w\" sizes=\"auto, (max-width: 850px) 100vw, 850px\" \/><\/p>\n","protected":false},"excerpt":{"rendered":"<p>Lass uns durch das Zeitportal h\u00fcpfen, 300 Jahre in der Zeit zur\u00fcckreisen und Abendbrot zu uns nehmen. Leider war der 1. Rodenkirchener Mittelaltermarkt nur sp\u00e4rlich besucht, und dann regnete es auch noch. Wenn\u00a0ich am Mittwoch nicht zuf\u00e4llig ein winziges Plakat &hellip; <a href=\"https:\/\/sajec.de\/blog\/mittelaltermarkt-in-rodenkirchen\/\">Weiterlesen <span class=\"meta-nav\">&rarr;<\/span><\/a><\/p>\n","protected":false},"author":2,"featured_media":0,"comment_status":"open","ping_status":"open","sticky":false,"template":"","format":"standard","meta":{"ngg_post_thumbnail":0,"footnotes":""},"categories":[1],"tags":[],"class_list":["post-13784","post","type-post","status-publish","format-standard","hentry","category-tagebuch"],"_links":{"self":[{"href":"https:\/\/sajec.de\/blog\/wp-json\/wp\/v2\/posts\/13784","targetHints":{"allow":["GET"]}}],"collection":[{"href":"https:\/\/sajec.de\/blog\/wp-json\/wp\/v2\/posts"}],"about":[{"href":"https:\/\/sajec.de\/blog\/wp-json\/wp\/v2\/types\/post"}],"author":[{"embeddable":true,"href":"https:\/\/sajec.de\/blog\/wp-json\/wp\/v2\/users\/2"}],"replies":[{"embeddable":true,"href":"https:\/\/sajec.de\/blog\/wp-json\/wp\/v2\/comments?post=13784"}],"version-history":[{"count":3,"href":"https:\/\/sajec.de\/blog\/wp-json\/wp\/v2\/posts\/13784\/revisions"}],"predecessor-version":[{"id":13790,"href":"https:\/\/sajec.de\/blog\/wp-json\/wp\/v2\/posts\/13784\/revisions\/13790"}],"wp:attachment":[{"href":"https:\/\/sajec.de\/blog\/wp-json\/wp\/v2\/media?parent=13784"}],"wp:term":[{"taxonomy":"category","embeddable":true,"href":"https:\/\/sajec.de\/blog\/wp-json\/wp\/v2\/categories?post=13784"},{"taxonomy":"post_tag","embeddable":true,"href":"https:\/\/sajec.de\/blog\/wp-json\/wp\/v2\/tags?post=13784"}],"curies":[{"name":"wp","href":"https:\/\/api.w.org\/{rel}","templated":true}]}}