{"id":13835,"date":"2015-07-04T10:11:37","date_gmt":"2015-07-04T08:11:37","guid":{"rendered":"http:\/\/sajec.de\/blog\/?p=13835"},"modified":"2015-07-04T10:56:07","modified_gmt":"2015-07-04T08:56:07","slug":"das-kanzleisommerfestfahrradgeradel","status":"publish","type":"post","link":"https:\/\/sajec.de\/blog\/das-kanzleisommerfestfahrradgeradel\/","title":{"rendered":"Das Kanzleisommerfestfahrradgeradel"},"content":{"rendered":"<p><em>&#8230; aus meiner pers\u00f6nlichen Karniggelsicht berichtet:\u00a0<\/em><\/p>\n<p><img loading=\"lazy\" decoding=\"async\" class=\"alignnone size-full wp-image-13842\" src=\"http:\/\/sajec.de\/blog\/wp-content\/uploads\/2015\/07\/kleinensiel.jpg\" alt=\"kleinensiel\" width=\"850\" height=\"567\" srcset=\"https:\/\/sajec.de\/blog\/wp-content\/uploads\/2015\/07\/kleinensiel.jpg 850w, https:\/\/sajec.de\/blog\/wp-content\/uploads\/2015\/07\/kleinensiel-300x200.jpg 300w\" sizes=\"auto, (max-width: 850px) 100vw, 850px\" \/><\/p>\n<p>Sommer 2015, Kanzleisommerfestausflug. Treffpunkt: Weserterrassen. Im Gep\u00e4ck neben der Sonnencreme und der Sonnenbrille: jede Menge Trinkbares. Und der von Schnubbelchen selbstgezauberte Baileys, der oberlecker war &#8211; und mir zum Verh\u00e4ngnis werden sollte. Der, und sp\u00e4ter auch das Schwarzw\u00e4lderkirscheisrumzeugs.<\/p>\n<p>Alles fing noch relativ harmlos an; ich war die Erste am gew\u00e4hlten Treffpunkt, breitete die mitgebrachte Decke aus und freute mich auf eine gute Zeit. Das Wetter war perfekt, Sommer in Reinkultur. Ich musste nicht lange warten, bis mein pinkes Schnubbelchen &#8211; das mich seit ein paar Tagen Kerstin nennt &#8211; mit ihrem Hollandradel um die Ecke\u00a0bog\u00a0und den Baileys mitbrachte, den wir dann schon mal vorkosteten.<br \/>\nNach und nach trafen dann alle anderen Kanzleiradler ein, und es nahm seinen erwarteten Gang: Bier, Sekt, Baileys und Geschnatter.<\/p>\n<p>Dann ging es endlich los, Richtung Rodenkirchen, immer am Deich lang. 1. Zwischenstopp: Kleinensieler Strand, der gut besucht war. Wir fanden dann doch unseren Platz, steckten kurz die F\u00fc\u00dfe ins braune Wasser und vertilgten ansonsten den restlichen Baileys &#8211; ein Teil davon landete aber (Schnubbelchen! Wer sonst?!) auf den R\u00fccken von M. Was f\u00fcr eine Verschwendung!\u00a0Karniggel-Zustand nach dem 5. Baileys: Ja, das w\u00fcrde eine lustige Tour noch werden.<\/p>\n<p>Aufbrauch &#8211; weiter nach Absen (Rodenkirchen), wo die bestellten\u00a0Schnitzel schon gebraten werden. Am Kernkraftwerk vorbei, am Deich entlang schnurstracks zur Gastst\u00e4tte. Fahrr\u00e4der abstellen, den Hintern entkrampfen, noch alles zur\u00a0etwas zurechtzupfen. Bis hierhin alles gut.<\/p>\n<p>Und dann!\u00a0Platsch! Beim Versuch, das Drahteselchen am Umfallen zu hindern, Tasche, Decke und Kamera zeitgleich zu b\u00e4ndigen und mit einem leichten Hinternkrampf lie\u00df ich bl\u00f6derweise ausgerechnet die Kamera auf die Pflastersteine fallen. Platsch! Nicht gut! Gar nicht gut!<\/p>\n<p>Wie so gar nicht gut stellte sich dann Minuten sp\u00e4ter heraus, als ich die Truppe in Paparazzi-Manier am Futtertisch &#8211; wartend auf die Schnitzel &#8211; fotoknippsen und f\u00fcr das Kanzleifotoalbum verewigen wollte: Etwas am Objektiv war\u00a0zersplittert. Glasscherbchen rieselten mir aus der Tasche entgegen. Verdammt! Ich habe die Canon vorsichtshalber erst einmal so gelassen, wie sie war. Ich w\u00fcrde mir den Schaden sp\u00e4ter in Ruhe anschauen und versuchen zu retten, was zu retten sein w\u00fcrde.<\/p>\n<p>Wir organisierten uns einen gro\u00dfen Tisch drau\u00dfen, richteten die Sonnenschirme aus,\u00a0und\u00a0ich f\u00fcr meinen Fall genoss ein Radler, das hier Alster hei\u00dft. Kurz hatten wir noch Sorge, dass der Rasenm\u00e4her-Man auf seinem Aufsitzrasenm\u00e4her direkt neben unserem Platz Sonderschichten einlegen wollte. Wollte er dann doch nicht. Wir plapperten, bis die Schnitzel herausgetragen wurden. Ich hatte Hunger.<\/p>\n<p>Nach der Radlerf\u00fctterung wurde\u00a0es wirklich gem\u00fctlich. Wie das eben so ist, man sitzt zusammen und &#8230;. schnattert sich in meinen Fall um Kopf und Karniggelfell. Aber wenigstens\u00a0habe ich keinen Chef umarmt! Dann gab es noch Eis-Nachtisch. Och, warum nicht?! Heute ist alles erlaubt und die Chefs bezahlen ja. Schwarzw\u00e4lderkirschtorten-Eis mit &#8230; offensichtlich Schuss! Danach merkte ich: Oh, ich werde redselig. Also hielt ich mich ab da nur noch an Wasser.<\/p>\n<p>Dann musste\u00a0ja noch die Heimfahrt antreten. Hinzus waren es laut Runtastic-App knapp 10 km. Ich hoffte, dass ich auf der R\u00fcckfahrt nicht umkippen w\u00fcrde mit dem Drahtesel, und dass ich mit dem letzten Glas Wasser wieder fahrradtauglich sein w\u00fcrde. Es ging dann auch. Ich \u00e4rgerte mich nur das eine oder andere Mal, dass ich dusseligerweise\u00a0die Canon zerscheppert hatte, ihre Leiche nun nach Hause radeln musste, dabei innerlich weinend, wenn\u00a0ich das\u00a0leichte Abendrot am westlichen Horizont beschaute. Die R\u00fcckzugsstrecke betrug dann laut App knapp 15 km &#8211; Nanu? Merkw\u00fcrdig.<\/p>\n<p>Zu Hause bin ich dann doch gleich erst einmal unter die Dusche geh\u00fcbbelt, habe noch eine Weile auf dem Balkon verbracht, bis ich mehr nieste, als die herumflatternden Flederm\u00e4uschen, und bin dann ins Bett gefallen.<\/p>\n<p><strong>Der n\u00e4chste Morgen\u00a0<\/strong><\/p>\n<p>Ja, ich gestehe, mein Kopf ist etwas schr\u00e4g an diesem Samstag danach. Aber es geht. Wenn ich langsam mache. Nach dem ersten Kaffee habe ich mich &#8211; nichts Gutes ahnend &#8211; an die Canon getraut, sie vorsichtig von den Splittern befreit und erst einmal geschaut, wie schwer sie bei dem bl\u00f6den Sturz verletzt wurde.<\/p>\n<p>Puh! Scheinbar hatte ich wirklich\u00a0noch Gl\u00fcck, denn zersplittert ist nur der Aufsatzfilter, alle Objektive an sich tun ihre Pflicht; allerdings muss ich sie wohl schnellstens professionell reinigen lassen.<\/p>\n<p><img loading=\"lazy\" decoding=\"async\" class=\"alignnone size-full wp-image-13836\" src=\"http:\/\/sajec.de\/blog\/wp-content\/uploads\/2015\/07\/Splitter.jpg\" alt=\"Splitter\" width=\"850\" height=\"570\" srcset=\"https:\/\/sajec.de\/blog\/wp-content\/uploads\/2015\/07\/Splitter.jpg 850w, https:\/\/sajec.de\/blog\/wp-content\/uploads\/2015\/07\/Splitter-300x201.jpg 300w\" sizes=\"auto, (max-width: 850px) 100vw, 850px\" \/><\/p>\n","protected":false},"excerpt":{"rendered":"<p>&#8230; aus meiner pers\u00f6nlichen Karniggelsicht berichtet:\u00a0 Sommer 2015, Kanzleisommerfestausflug. Treffpunkt: Weserterrassen. Im Gep\u00e4ck neben der Sonnencreme und der Sonnenbrille: jede Menge Trinkbares. Und der von Schnubbelchen selbstgezauberte Baileys, der oberlecker war &#8211; und mir zum Verh\u00e4ngnis werden sollte. Der, und &hellip; <a href=\"https:\/\/sajec.de\/blog\/das-kanzleisommerfestfahrradgeradel\/\">Weiterlesen <span class=\"meta-nav\">&rarr;<\/span><\/a><\/p>\n","protected":false},"author":2,"featured_media":0,"comment_status":"open","ping_status":"open","sticky":false,"template":"","format":"standard","meta":{"ngg_post_thumbnail":0,"footnotes":""},"categories":[1],"tags":[],"class_list":["post-13835","post","type-post","status-publish","format-standard","hentry","category-tagebuch"],"_links":{"self":[{"href":"https:\/\/sajec.de\/blog\/wp-json\/wp\/v2\/posts\/13835","targetHints":{"allow":["GET"]}}],"collection":[{"href":"https:\/\/sajec.de\/blog\/wp-json\/wp\/v2\/posts"}],"about":[{"href":"https:\/\/sajec.de\/blog\/wp-json\/wp\/v2\/types\/post"}],"author":[{"embeddable":true,"href":"https:\/\/sajec.de\/blog\/wp-json\/wp\/v2\/users\/2"}],"replies":[{"embeddable":true,"href":"https:\/\/sajec.de\/blog\/wp-json\/wp\/v2\/comments?post=13835"}],"version-history":[{"count":2,"href":"https:\/\/sajec.de\/blog\/wp-json\/wp\/v2\/posts\/13835\/revisions"}],"predecessor-version":[{"id":13843,"href":"https:\/\/sajec.de\/blog\/wp-json\/wp\/v2\/posts\/13835\/revisions\/13843"}],"wp:attachment":[{"href":"https:\/\/sajec.de\/blog\/wp-json\/wp\/v2\/media?parent=13835"}],"wp:term":[{"taxonomy":"category","embeddable":true,"href":"https:\/\/sajec.de\/blog\/wp-json\/wp\/v2\/categories?post=13835"},{"taxonomy":"post_tag","embeddable":true,"href":"https:\/\/sajec.de\/blog\/wp-json\/wp\/v2\/tags?post=13835"}],"curies":[{"name":"wp","href":"https:\/\/api.w.org\/{rel}","templated":true}]}}