{"id":13891,"date":"2015-07-13T19:49:09","date_gmt":"2015-07-13T17:49:09","guid":{"rendered":"http:\/\/sajec.de\/blog\/?p=13891"},"modified":"2015-07-13T19:49:09","modified_gmt":"2015-07-13T17:49:09","slug":"urlaubstag-1","status":"publish","type":"post","link":"https:\/\/sajec.de\/blog\/urlaubstag-1\/","title":{"rendered":"Urlaubstag 1"},"content":{"rendered":"<p><img loading=\"lazy\" decoding=\"async\" class=\"alignnone size-full wp-image-13892\" src=\"http:\/\/sajec.de\/blog\/wp-content\/uploads\/2015\/07\/Wetter13072015.jpg\" alt=\"Wetter13072015\" width=\"850\" height=\"529\" srcset=\"https:\/\/sajec.de\/blog\/wp-content\/uploads\/2015\/07\/Wetter13072015.jpg 850w, https:\/\/sajec.de\/blog\/wp-content\/uploads\/2015\/07\/Wetter13072015-300x187.jpg 300w\" sizes=\"auto, (max-width: 850px) 100vw, 850px\" \/><\/p>\n<p>Da ging er dahin, der erste reine Urlaubstag des Jahres 2015. Verregnet war er, und verschlafen. Obwohl ich meiner seit Jahre\u00a0antrainierten inneren Uhr, die mich montags eben kurz nach 6 aus dem Bett schmiss, folgte und aufstand. Doch was dann? Da kam mir der Youtube-Link mit dem gestrigen San Diego Comic Con supernatural panel gerade recht. Es tat so gut, J2M2 so entspannt und lachend zu sehen. Ein bisschen hatte ich Angst, zu viel gespoilert zu werden, was die Staffel 11 betrifft, aber man hielt sich zur\u00fcck. Dass die Br\u00fcder wieder zusammen gegen jede Art des B\u00f6sen und der Finsternis antreten, enger verbunden als jemals zuvor und ohne, dass einer von ihnen gegen Einfl\u00fcsse einer dunklen Macht ank\u00e4mpfen muss, l\u00e4sst mein Herz schneller schlagen. Ich freue mich auf die neue Staffel und kann es kaum erwarten.<\/p>\n<p>Doch dann geht auch mal das lustigste, ber\u00fchrendste Panel zu Ende. Was nun?\u00a0Die Couch schien verlockend, und so verd\u00e4mmerte ich den Tag, Kaffee trinkend und AYLA lesend, zwischendurch etwas die Wohnung aufr\u00e4umend und die Betten beziehend, nat\u00fcrlich auch immer Twitter im Blick behaltend. Aber meistens lesend.<\/p>\n<p>Immer, wenn eine Email in meinen Mailkasten gesp\u00fclt wurde, keimte kurz Hoffnung auf, es k\u00f6nnte die Mitteilung sein, dass ich meine J+J-Fotos bezahlen darf; aber diese Mail kam nicht. Im Gegenteil: Nachmittags dann ein Tweet, dass mittlerweile alle Jensen \/ Jared \/ Misha-Extras bereits ausverkauft sind und man eine Warteliste einrichtet f\u00fcr diejenigen, die keines bekommen haben. Meine Hoffnung schwindet von Stunde zu Stunde, dass meine Email es geschafft haben k\u00f6nnte, und mir war nach heulen zu mute. Eine JIB, ohne Jensen (wenn auch f\u00fcr ein paar wenige Sekunden) nah sein zu d\u00fcrfen, ihn zu umarmen?<\/p>\n<p>Nun ist es bereits Abend, der Tag wurde kaum hell. Eigentlich ein perfekter Couch-Tag. Ich sollte duschen gehen, und vorher sollte ich mich bewegen. Deswegen schicke ich mich an, nun doch noch ein bisschen das Ergometer zu rocken, um mich danach geschafft aber zufrieden unter die Dusche zu schleppen. Vielleicht kann ich mich danach damit abfinden, kein Jensen-Foto f\u00fcr die JIB7 zu bekommen &#8230; oder doch noch nicht g\u00e4nzlichst die Hoffnung aufzugeben. Und vor allem das Gef\u00fchl zu erstrampeln, diesen ersten Urlaubstag nicht vollkommen vertr\u00f6delt zu haben.<\/p>\n<p>Aber war es denn ein Vertr\u00f6deln? Ich habe mich nicht schlecht gef\u00fchlt, bei dem was ich tat. AYLA lese ich gern, auch wenn ich die Geschichte nat\u00fcrlich l\u00e4ngst kenne. Und wer (au\u00dfer mir selbst) verlangt denn von mir, dass ich jeden einzelnen Urlaubstag mit Erlebnistroph\u00e4en besiegeln muss? Ich habe Urlaub, Erholungsurlaub, und so lange, wie es mir auf dem Sofa nicht zu langweilig wird, mache ich doch nichts falsch! Ich muss wohl lernen, auf das innere Gl\u00fccksgef\u00fchl in mir zu achten, auch wenn es bedeutet, dass ich eben keinen\u00a0Freizeit\/Urlaubserlebnissen\u00a0nachjage\u00a0und socialmedia-stolz vorzeige. Und was ich morgen machen werde, entscheide ich morgen &#8230; \u00a0ganz nach Stimmung und innerem Bed\u00fcrfnis.<\/p>\n","protected":false},"excerpt":{"rendered":"<p>Da ging er dahin, der erste reine Urlaubstag des Jahres 2015. Verregnet war er, und verschlafen. Obwohl ich meiner seit Jahre\u00a0antrainierten inneren Uhr, die mich montags eben kurz nach 6 aus dem Bett schmiss, folgte und aufstand. Doch was dann? &hellip; <a href=\"https:\/\/sajec.de\/blog\/urlaubstag-1\/\">Weiterlesen <span class=\"meta-nav\">&rarr;<\/span><\/a><\/p>\n","protected":false},"author":2,"featured_media":0,"comment_status":"open","ping_status":"open","sticky":false,"template":"","format":"standard","meta":{"ngg_post_thumbnail":0,"footnotes":""},"categories":[21,1,32,6],"tags":[],"class_list":["post-13891","post","type-post","status-publish","format-standard","hentry","category-abnehmen","category-tagebuch","category-jib","category-supernatural"],"_links":{"self":[{"href":"https:\/\/sajec.de\/blog\/wp-json\/wp\/v2\/posts\/13891","targetHints":{"allow":["GET"]}}],"collection":[{"href":"https:\/\/sajec.de\/blog\/wp-json\/wp\/v2\/posts"}],"about":[{"href":"https:\/\/sajec.de\/blog\/wp-json\/wp\/v2\/types\/post"}],"author":[{"embeddable":true,"href":"https:\/\/sajec.de\/blog\/wp-json\/wp\/v2\/users\/2"}],"replies":[{"embeddable":true,"href":"https:\/\/sajec.de\/blog\/wp-json\/wp\/v2\/comments?post=13891"}],"version-history":[{"count":1,"href":"https:\/\/sajec.de\/blog\/wp-json\/wp\/v2\/posts\/13891\/revisions"}],"predecessor-version":[{"id":13893,"href":"https:\/\/sajec.de\/blog\/wp-json\/wp\/v2\/posts\/13891\/revisions\/13893"}],"wp:attachment":[{"href":"https:\/\/sajec.de\/blog\/wp-json\/wp\/v2\/media?parent=13891"}],"wp:term":[{"taxonomy":"category","embeddable":true,"href":"https:\/\/sajec.de\/blog\/wp-json\/wp\/v2\/categories?post=13891"},{"taxonomy":"post_tag","embeddable":true,"href":"https:\/\/sajec.de\/blog\/wp-json\/wp\/v2\/tags?post=13891"}],"curies":[{"name":"wp","href":"https:\/\/api.w.org\/{rel}","templated":true}]}}