{"id":14211,"date":"2015-07-25T13:28:31","date_gmt":"2015-07-25T11:28:31","guid":{"rendered":"http:\/\/sajec.de\/blog\/?p=14211"},"modified":"2015-07-25T18:41:46","modified_gmt":"2015-07-25T16:41:46","slug":"gedanken","status":"publish","type":"post","link":"https:\/\/sajec.de\/blog\/gedanken\/","title":{"rendered":"Gedanken"},"content":{"rendered":"<p>Die zweite Urlaubswoche komplett verschlafen. Aber so richtig! Kein Sport, keine Fahrradtouren, kein Schwimmen &#8230; nothing but sleeping. Und gelesen. Die AYLA-Saga. Mittlerweile bin ich nun im vorletzten Band, bevor ich den ganz neuen (naja, f\u00fcr mich neu!) anfangen werde.<\/p>\n<p>Wie ich mich f\u00fchle? Das ist schwer zu sagen. Eigentlich nicht so gut, was damit zusammenh\u00e4ngt, dass ich mal wieder Probleme mit der Haut habe. Sie bring mich um den Verstand! Es kribbelt und juckt und zwickt, ohne dass man \u00a0eine Ursache erkennen k\u00f6nnte. Besonders in der Nacht ist es schlimm. Ich schmiere Cremes und Salben, Teebaum\u00f6lsalbe haupts\u00e4chlich, und Linola. Aber es hilft nur begrenzt. Dann falle ich in einen unruhigen Schlaf, nur f\u00fcr 1 oder 2 Stunden, so f\u00fchlt es sich jedenfalls an. Ich bin mit mir selbst unzufrieden und mit meinem Verhalten und nahm mir immer vor: Morgen! Morgen setzt du diesem Lotterleben zwischen Bett und Sofa aber ein Ende, gehst Duschen, bewegst dich und vertr\u00f6delst nicht nur den Tag! Doch dann &#8230; klebe ich fest. Der Tag geht vorbei, wie die anderen vor ihm, ohne dass ich mich Aufraffen konnte, etwas daran zu \u00e4ndern. &#8222;Ich habe Urlaub!&#8220; erkl\u00e4re ich mir selbst, und niemand verlangt im Urlaub von dir, dass du ihn sinnvoll verbringst! M\u00f6glicherweise brauchte ich einfach auch diese Schlafd\u00e4mmerauszeit &#8230; doch warum f\u00fchle ich mich dann so schuldig?<\/p>\n<p>Nun, heute Morgen weckte mich das erste Gewitter aus einem unruhigen Schlaf. Danach d\u00e4mmerte ich nur noch vor mich hin. Immerhin bin ich jedoch geduscht, habe Papier zur Deponie gebracht, meinen 2016er Supernatural-Kalender von der Post freigekauft und Fenistil-Salbe aus der Apotheke geholt, in der Hoffnung, dass sie mir besser helfen wird, meine Haut in Zaum zu halten. Nach einem kleinen Fr\u00fchst\u00fcck mit Knuffel schauten wir Guardians of the Galaxy. Nat\u00fcrlich habe ich geheult. \u00a0War mir so was von klar.<\/p>\n<p>Jetzt ist es bereits Mittag, das n\u00e4chste Sommersturmgewitter ist im Anmarsch. In einer Minute wird\u00a0es stockduster, doch gerade wenn ich mit einem leichten Anflug von entz\u00fcckter Panik aufspringen will, um s\u00e4mtliche Fenster zu schlie\u00dfen, wird es ebenso schnell wieder hell. Doch kein Gewitter? Es gab eine Sommersturmwarnung f\u00fcr unsere Gegend, und wie ich Radio h\u00f6rend erfuhr, wurden auch\u00a0bereits einige \u00f6rtliche Festivals abgesagt wegen der Witterungsverh\u00e4ltnisse. Nun, ich habe nichts weiter vor an diesem Samstag und warte gespannt auf die Sommergewitter, die aber sicherlich wieder \u00fcberall w\u00fcten werden, nur nicht hier. Weil ich mich auf das\u00a0Schauspiel freue. Wenn ich mich auf etwas sehr freue, dann kommt es immer meistens anders, als gedacht.<\/p>\n<p>Ich muss aufh\u00f6ren, den\u00a0tr\u00fcben Gedanken Raum zu geben!\u00a0Ich kenne mittlerweile die Vorboten dieser Seelenlochmonster. Aber es ist schwer, sich daraus selbst zu befreien. Schwer &#8211; aber nicht aussichtslos! Es ist ein t\u00e4glicher Kampf, an manchen Tagen innerlich blutiger, als an anderen. Dann st\u00fcrzt\u00a0alles \u00fcber mir zusammen und auf mich ein! Wozu sich auf eine JIB freuen, wenn du kein Jensen-Foto haben wirst? Du bekommst bestimmt auch nicht mal das J2-Foto! Weil die anderen einfach schneller sind, als du!<\/p>\n<p>Aufh\u00f6ren! br\u00fcllt es in mir! Denn so f\u00e4ngt es jedesmal an; dass ich an allem zweifel, was mir gut tut, worauf ich mich freue. Bis ich mich auf gar nichts mehr freuen kann, antriebslos und tr\u00e4ge den Tag vertropfen lasse und mir\u00a0nachts im Bett selbst den Kopf zerbreche, warum &#8222;andere&#8220; ein so sinnvolles Leben f\u00fchren k\u00f6nnen, und das meinige nur ereignislos vorbei schleicht. Wenn du etwas erleben willst, dann musst du raus gehen! Wenn du rausgehen willst, musst du vorher duschen!<\/p>\n<p>Oder man schnappt sich sein Lieblingsbuch \/ seine Lieblingsserie &#8230; und versteckt sich in seinem eigenen Universum, unbemerkt, unbemeckert &#8230; nur f\u00fcr\u00a0sich selbst, bis der B\u00fcroalltag dich herauszerrt und dich zwingt, wieder\u00a0Struktur in dein Leben zu bringen.<\/p>\n","protected":false},"excerpt":{"rendered":"<p>Die zweite Urlaubswoche komplett verschlafen. Aber so richtig! Kein Sport, keine Fahrradtouren, kein Schwimmen &#8230; nothing but sleeping. Und gelesen. Die AYLA-Saga. Mittlerweile bin ich nun im vorletzten Band, bevor ich den ganz neuen (naja, f\u00fcr mich neu!) anfangen werde. &hellip; <a href=\"https:\/\/sajec.de\/blog\/gedanken\/\">Weiterlesen <span class=\"meta-nav\">&rarr;<\/span><\/a><\/p>\n","protected":false},"author":2,"featured_media":0,"comment_status":"open","ping_status":"open","sticky":false,"template":"","format":"standard","meta":{"ngg_post_thumbnail":0,"footnotes":""},"categories":[1],"tags":[],"class_list":["post-14211","post","type-post","status-publish","format-standard","hentry","category-tagebuch"],"_links":{"self":[{"href":"https:\/\/sajec.de\/blog\/wp-json\/wp\/v2\/posts\/14211","targetHints":{"allow":["GET"]}}],"collection":[{"href":"https:\/\/sajec.de\/blog\/wp-json\/wp\/v2\/posts"}],"about":[{"href":"https:\/\/sajec.de\/blog\/wp-json\/wp\/v2\/types\/post"}],"author":[{"embeddable":true,"href":"https:\/\/sajec.de\/blog\/wp-json\/wp\/v2\/users\/2"}],"replies":[{"embeddable":true,"href":"https:\/\/sajec.de\/blog\/wp-json\/wp\/v2\/comments?post=14211"}],"version-history":[{"count":4,"href":"https:\/\/sajec.de\/blog\/wp-json\/wp\/v2\/posts\/14211\/revisions"}],"predecessor-version":[{"id":14215,"href":"https:\/\/sajec.de\/blog\/wp-json\/wp\/v2\/posts\/14211\/revisions\/14215"}],"wp:attachment":[{"href":"https:\/\/sajec.de\/blog\/wp-json\/wp\/v2\/media?parent=14211"}],"wp:term":[{"taxonomy":"category","embeddable":true,"href":"https:\/\/sajec.de\/blog\/wp-json\/wp\/v2\/categories?post=14211"},{"taxonomy":"post_tag","embeddable":true,"href":"https:\/\/sajec.de\/blog\/wp-json\/wp\/v2\/tags?post=14211"}],"curies":[{"name":"wp","href":"https:\/\/api.w.org\/{rel}","templated":true}]}}