{"id":14223,"date":"2015-08-04T17:02:10","date_gmt":"2015-08-04T15:02:10","guid":{"rendered":"http:\/\/sajec.de\/blog\/?p=14223"},"modified":"2015-08-04T17:04:39","modified_gmt":"2015-08-04T15:04:39","slug":"die-fb-nachricht","status":"publish","type":"post","link":"https:\/\/sajec.de\/blog\/die-fb-nachricht\/","title":{"rendered":"Die FB Nachricht"},"content":{"rendered":"<p>Seit Tagen schleppte ich sie gedanklich mit mir herum; vor allem den Vorwurf, der mir darin gemacht wurde. Ich w\u00fcrde mich nur noch f\u00fcr meine Serie interessieren und Menschen, die damit nichts anfangen k\u00f6nnen oder wollen, in Klassen einteilen und diejenigen ausradieren, die weder twittern noch wissen, was gerade Jensen oder Jared zum Fr\u00fchst\u00fcck f\u00fcr Shorts trugen.<\/p>\n<p>Ich war verletzt!<\/p>\n<p>Denn so ist es nicht! So bin ich nicht!<\/p>\n<p>Aber offenbar sieht man mich so.<\/p>\n<p>Ich bin nicht fehlerfrei, ganz bestimmt nicht. Nat\u00fcrlich h\u00e4tte ich mich &#8211; gerade in der 2. Urlaubswoche, in der ich einige Besuche quasi versprochen und in Aussicht gestellt hatte &#8211; wenigstens melden k\u00f6nnen. Ich tat es nicht, verschob alles immer auf den n\u00e4chsten Tag und versank weiter in Lethargie auf dem Sofa. (<a href=\"http:\/\/sajec.de\/blog\/gedanken\/\" target=\"_blank\">hier<\/a>)<\/p>\n<p>Aber mir vorzuwerfen, dass ich mich nur noch f\u00fcr diese eine Serie interessiere und deswegen Freundschaften wegwerfe &#8230; das tat weh!<\/p>\n<p>Heute habe ich auf die FB Nachricht geantwortet, nachdem ich lange dar\u00fcber nachgedacht hatte, ob &#8211; und sei es nur eine Winzigkeit &#8211; Wahrheit in dem Vorwurf enthalten sein k\u00f6nnte.<\/p>\n<p><strong>Es ist nicht wahr!<\/strong><\/p>\n<p>Nat\u00fcrlich nimmt die Serie einen gro\u00dfen Stellenwert in meinem Leben ein; ihr verdanke ich eine ziemliche Ver\u00e4nderung in meinem Leben, neue Freundschaften, die Kraft, neue Tr\u00e4ume auch wahr werden zu lassen. Ich habe Canada gesehen!<\/p>\n<p>Aber dass ich deswegen Menschen &#8222;wegwerfe&#8220;, die nicht mehr in mein Serienleben passen?!<\/p>\n<p>Was ist das \u00fcberhaupt f\u00fcr ein Leben, das ich (derzeit) f\u00fchre? Zwischen den beiden B\u00fcrojobs, die von Montag bis Donnerstag t\u00e4glich 12 Stunden beanspruchen? Danach noch das auferlegte Sportprogramm und der Englisch-Kurs; Freitagnachmittag putze ich meinen Haushalt, es sei denn, die geerbte Tante ben\u00f6tigt ihre Haferflocken und jemanden, mit dem sie \u00fcber J. reden kann.<br \/>\nNach der Woche bin ich meistens froh, wenn ich mich nicht mehr viel bewegen muss und niemand mehr von mir etwas erwartet. Aufregung? Nein, Alltag!<\/p>\n<p>Der Vorwurf hat mir jedenfalls zu schaffen gemacht, mich herunter gezogen, mich zweifeln lassen. Jetzt, wo ich meine Gedanken dazu sortiert und ausgedr\u00fcckt habe, geht es mir etwas besser. Ob die Freundschaft noch zu retten sein wird, wird sich zeigen. An der Serie liegt es dann jedenfalls nichts.<\/p>\n","protected":false},"excerpt":{"rendered":"<p>Seit Tagen schleppte ich sie gedanklich mit mir herum; vor allem den Vorwurf, der mir darin gemacht wurde. Ich w\u00fcrde mich nur noch f\u00fcr meine Serie interessieren und Menschen, die damit nichts anfangen k\u00f6nnen oder wollen, in Klassen einteilen und &hellip; <a href=\"https:\/\/sajec.de\/blog\/die-fb-nachricht\/\">Weiterlesen <span class=\"meta-nav\">&rarr;<\/span><\/a><\/p>\n","protected":false},"author":2,"featured_media":0,"comment_status":"open","ping_status":"open","sticky":false,"template":"","format":"standard","meta":{"ngg_post_thumbnail":0,"footnotes":""},"categories":[1],"tags":[],"class_list":["post-14223","post","type-post","status-publish","format-standard","hentry","category-tagebuch"],"_links":{"self":[{"href":"https:\/\/sajec.de\/blog\/wp-json\/wp\/v2\/posts\/14223","targetHints":{"allow":["GET"]}}],"collection":[{"href":"https:\/\/sajec.de\/blog\/wp-json\/wp\/v2\/posts"}],"about":[{"href":"https:\/\/sajec.de\/blog\/wp-json\/wp\/v2\/types\/post"}],"author":[{"embeddable":true,"href":"https:\/\/sajec.de\/blog\/wp-json\/wp\/v2\/users\/2"}],"replies":[{"embeddable":true,"href":"https:\/\/sajec.de\/blog\/wp-json\/wp\/v2\/comments?post=14223"}],"version-history":[{"count":2,"href":"https:\/\/sajec.de\/blog\/wp-json\/wp\/v2\/posts\/14223\/revisions"}],"predecessor-version":[{"id":14225,"href":"https:\/\/sajec.de\/blog\/wp-json\/wp\/v2\/posts\/14223\/revisions\/14225"}],"wp:attachment":[{"href":"https:\/\/sajec.de\/blog\/wp-json\/wp\/v2\/media?parent=14223"}],"wp:term":[{"taxonomy":"category","embeddable":true,"href":"https:\/\/sajec.de\/blog\/wp-json\/wp\/v2\/categories?post=14223"},{"taxonomy":"post_tag","embeddable":true,"href":"https:\/\/sajec.de\/blog\/wp-json\/wp\/v2\/tags?post=14223"}],"curies":[{"name":"wp","href":"https:\/\/api.w.org\/{rel}","templated":true}]}}