{"id":14228,"date":"2015-08-07T16:08:05","date_gmt":"2015-08-07T14:08:05","guid":{"rendered":"http:\/\/sajec.de\/blog\/?p=14228"},"modified":"2015-08-07T16:08:05","modified_gmt":"2015-08-07T14:08:05","slug":"endlich-wochenende","status":"publish","type":"post","link":"https:\/\/sajec.de\/blog\/endlich-wochenende\/","title":{"rendered":"Endlich Wochenende"},"content":{"rendered":"<p>&#8230; und ich brauche die 2,5 Tage, um diese Woche abzusch\u00fctteln. Sie war so vollgepackt mit Arbeit, besonders an den Vormittagen im Anwaltsb\u00fcro. Mein Nacken ist f\u00fcrchterlich verspannt, selbst das gestrige Schwimmen brachte kaum Linderung. F\u00fchle mich kaputt und ausgelaugt, und auch ein wenig unzufrieden, denn obwohl ich mir wahrlich M\u00fche gebe, habe ich das Gef\u00fchl, im Vormittagsb\u00fcro gegen Aktenwindm\u00fchlen zu k\u00e4mpfen. Es bleibt einfach zu viel liegen momentan.<\/p>\n<p>Nun ist endlich Freitag, der sch\u00f6nste Tag der ganzen Woche. Ich war mit Tante Aenne einkaufen und habe es sogar geschafft, mein Gezottel, was ich stur Haare nenne, der Fris\u00f6r-Schere zuzuf\u00fchren. Das F\u00e4rben \u00fcbernehme ich dann heute Abend selbst.<br \/>\nJetzt muss ich mich erst einmal motivieren, die Couch wieder zu verlassen um mich dem freit\u00e4glichen Hausputzing zu widmen. Eigentlich m\u00f6chte ich gleich nur noch ins Bett gehen und schlafen &#8230; schlafen &#8230; schlafen. Aber das ist ja auch keine L\u00f6sung. Denn dann wache ich irgendwann unzufrieden auf und bin mit mir selbst m\u00fcrrisch, weil nichts fertig ist und h\u00fcbsch, so, wie ich es gerne haben m\u00f6chte. Also schwinge ich gleich noch ein bisschen den Putzlappen &#8230; und falle dann quasi tot\u00a0aber zufrieden(er) in die Eiszeit (lesend, denn endlich kann ich jetzt tats\u00e4chlich den unbekannten letzten Band der AYLA-Saga beginnen).<\/p>\n","protected":false},"excerpt":{"rendered":"<p>&#8230; und ich brauche die 2,5 Tage, um diese Woche abzusch\u00fctteln. Sie war so vollgepackt mit Arbeit, besonders an den Vormittagen im Anwaltsb\u00fcro. Mein Nacken ist f\u00fcrchterlich verspannt, selbst das gestrige Schwimmen brachte kaum Linderung. F\u00fchle mich kaputt und ausgelaugt, &hellip; <a href=\"https:\/\/sajec.de\/blog\/endlich-wochenende\/\">Weiterlesen <span class=\"meta-nav\">&rarr;<\/span><\/a><\/p>\n","protected":false},"author":2,"featured_media":0,"comment_status":"open","ping_status":"open","sticky":false,"template":"","format":"standard","meta":{"ngg_post_thumbnail":0,"footnotes":""},"categories":[1],"tags":[],"class_list":["post-14228","post","type-post","status-publish","format-standard","hentry","category-tagebuch"],"_links":{"self":[{"href":"https:\/\/sajec.de\/blog\/wp-json\/wp\/v2\/posts\/14228","targetHints":{"allow":["GET"]}}],"collection":[{"href":"https:\/\/sajec.de\/blog\/wp-json\/wp\/v2\/posts"}],"about":[{"href":"https:\/\/sajec.de\/blog\/wp-json\/wp\/v2\/types\/post"}],"author":[{"embeddable":true,"href":"https:\/\/sajec.de\/blog\/wp-json\/wp\/v2\/users\/2"}],"replies":[{"embeddable":true,"href":"https:\/\/sajec.de\/blog\/wp-json\/wp\/v2\/comments?post=14228"}],"version-history":[{"count":1,"href":"https:\/\/sajec.de\/blog\/wp-json\/wp\/v2\/posts\/14228\/revisions"}],"predecessor-version":[{"id":14229,"href":"https:\/\/sajec.de\/blog\/wp-json\/wp\/v2\/posts\/14228\/revisions\/14229"}],"wp:attachment":[{"href":"https:\/\/sajec.de\/blog\/wp-json\/wp\/v2\/media?parent=14228"}],"wp:term":[{"taxonomy":"category","embeddable":true,"href":"https:\/\/sajec.de\/blog\/wp-json\/wp\/v2\/categories?post=14228"},{"taxonomy":"post_tag","embeddable":true,"href":"https:\/\/sajec.de\/blog\/wp-json\/wp\/v2\/tags?post=14228"}],"curies":[{"name":"wp","href":"https:\/\/api.w.org\/{rel}","templated":true}]}}