{"id":14230,"date":"2015-08-09T12:38:53","date_gmt":"2015-08-09T10:38:53","guid":{"rendered":"http:\/\/sajec.de\/blog\/?p=14230"},"modified":"2015-08-09T12:40:13","modified_gmt":"2015-08-09T10:40:13","slug":"instagram-und-dies-und-das-am-sonntag","status":"publish","type":"post","link":"https:\/\/sajec.de\/blog\/instagram-und-dies-und-das-am-sonntag\/","title":{"rendered":"Instagram und Dies und Das am Sonntag"},"content":{"rendered":"<p>Seit Jahren habe ich einen Instagram-Account, der vor sich hinstaubt und nie richtig benutzt wurde. Wozu auch? Alles, was ich an Bildern teilen m\u00f6chte, teile ich \u00fcber\u00a0Twitter oder eben hier, \u00fcber meinen h\u00f6chstpers\u00f6nlichen eigenen Blog.<\/p>\n<p>Doch das ist jetzt anders, weil &#8230; Herr Jensen Ackles nun auch Instagram offiziell best\u00e4tigt hat und dort flei\u00dfig Bilder schubst. Zwar k\u00f6nnte ich die auch \u00fcber\u00a0twitter mir anschauen, und doch habe ihn nun meinen eigenen Account entstaubt, reaktiviert und sogar schon ein paar Bilder hineingestopft. Nichts Au\u00dfergew\u00f6hnliches, Alltagsbilder meist. Langsam gew\u00f6hne ich mich an die Handhabung und eventuell behalte ich das Instagramen ja doch bei, eben f\u00fcr Alltagsbilder, direkt in der jeweiligen Situation aufgenommen.<\/p>\n<p><a class=\"ig-b- ig-b-v-24\" href=\"http:\/\/instagram.com\/werkarniggel?ref=badge\" target=\"_blank\"><img loading=\"lazy\" decoding=\"async\" class=\"alignnone\" src=\"\/\/badges.instagram.com\/static\/images\/ig-badge-view-24.png\" alt=\"Instagram\" width=\"137\" height=\"24\" \/><\/a><\/p>\n<p>Man kann mir folgen dort, aber erwartet nicht zu viel.<\/p>\n<p>Ansonsten ist heute ein ungew\u00f6hnlich ruhiger, friedlicher Sonntag. Wir h\u00f6ren Radio mit der neu eingerichteten Soundanlage, trinken Kaffee, lesen oder schlafen. Bazillus liegt breit und in ihre Decke gekuschelt auf dem Wohnzimmerfu\u00dfboden und holt Schlaf nach.<\/p>\n<p>Ich bin mit Kopfschmerzen aufgewacht, was wohl an dem gestrigen ersten Federwei\u00dfen des Jahres gelegen hat. Der war lecker &#8211; und zu schnell alle. Mittlerweile sind die Kopfschwerschmerzen aber ertr\u00e4glich und der Federwei\u00dfer zum Gl\u00fcck alle, so dass er mich nicht weiter in Versuchung f\u00fchren wird.<\/p>\n<p>\u00dcberhaupt war der gestrige Samstag recht merkw\u00fcrdig. Schon um kurz vor 11 Uhr war ich mit s\u00e4mtlichen Haushaltskram fertig, sogar Einkaufen war ich schon. Dann kamen wir auf die glorreiche Idee, endlich die Soundanlage neu einzurichten, denn obwohl wir ein 4-1er System im Wohnzimmer stehen haben, funktionierten nur noch 2 der 4 Boxen und die Bassbox. Bei der\u00a0Gelegenheit k\u00f6nnte man auch gleich dem Fernsehschrank ausr\u00e4umen, ausmisten und gr\u00fcndlichst putzen. Das taten wir dann auch, nur die (Neu)Einstellung der Boxen gestaltete sich schwierig, ja, gerade zu unm\u00f6glich, denn die dazu erforderliche Fernbedienung wollte einfach nicht auftauchen! Was blieb uns anderes \u00fcbrig, als einen neuen Tuner zu kaufen? Nach 5 Stunden dann funktionierte endlich alles, etliche alte Videokassetten und CDs landeten im M\u00fcll. Die Soundanlage funktioniert nun wunderbar, und wenn im TV ein Panzer von links nach rechts rollt, dann rollt er quasi soundtechnisch durch unser Wohnzimmer, wie es sich geh\u00f6rt. Faszinierend! Der einzige Nachteil: Virtuelles\u00a0Feuer UND Musik gleichzeitig haben zu wollen, ist technisch nicht vorgesehen. Da muss man sich entscheiden. Doch auch daf\u00fcr werden wir noch eine L\u00f6sung finden, denn eine Winter\/Weihnachtszeit ohne Kaminfeuer und Musik ist nicht vorstellbar.<\/p>\n<p>Aber erst einmal ist es ein wundervoller gem\u00fctlicher Sonntagsommertag &#8230; den ich lesend und Familie genie\u00dfend verbringen werde.<\/p>\n","protected":false},"excerpt":{"rendered":"<p>Seit Jahren habe ich einen Instagram-Account, der vor sich hinstaubt und nie richtig benutzt wurde. Wozu auch? Alles, was ich an Bildern teilen m\u00f6chte, teile ich \u00fcber\u00a0Twitter oder eben hier, \u00fcber meinen h\u00f6chstpers\u00f6nlichen eigenen Blog. Doch das ist jetzt anders, &hellip; <a href=\"https:\/\/sajec.de\/blog\/instagram-und-dies-und-das-am-sonntag\/\">Weiterlesen <span class=\"meta-nav\">&rarr;<\/span><\/a><\/p>\n","protected":false},"author":2,"featured_media":0,"comment_status":"open","ping_status":"open","sticky":false,"template":"","format":"standard","meta":{"ngg_post_thumbnail":0,"footnotes":""},"categories":[1],"tags":[],"class_list":["post-14230","post","type-post","status-publish","format-standard","hentry","category-tagebuch"],"_links":{"self":[{"href":"https:\/\/sajec.de\/blog\/wp-json\/wp\/v2\/posts\/14230","targetHints":{"allow":["GET"]}}],"collection":[{"href":"https:\/\/sajec.de\/blog\/wp-json\/wp\/v2\/posts"}],"about":[{"href":"https:\/\/sajec.de\/blog\/wp-json\/wp\/v2\/types\/post"}],"author":[{"embeddable":true,"href":"https:\/\/sajec.de\/blog\/wp-json\/wp\/v2\/users\/2"}],"replies":[{"embeddable":true,"href":"https:\/\/sajec.de\/blog\/wp-json\/wp\/v2\/comments?post=14230"}],"version-history":[{"count":3,"href":"https:\/\/sajec.de\/blog\/wp-json\/wp\/v2\/posts\/14230\/revisions"}],"predecessor-version":[{"id":14233,"href":"https:\/\/sajec.de\/blog\/wp-json\/wp\/v2\/posts\/14230\/revisions\/14233"}],"wp:attachment":[{"href":"https:\/\/sajec.de\/blog\/wp-json\/wp\/v2\/media?parent=14230"}],"wp:term":[{"taxonomy":"category","embeddable":true,"href":"https:\/\/sajec.de\/blog\/wp-json\/wp\/v2\/categories?post=14230"},{"taxonomy":"post_tag","embeddable":true,"href":"https:\/\/sajec.de\/blog\/wp-json\/wp\/v2\/tags?post=14230"}],"curies":[{"name":"wp","href":"https:\/\/api.w.org\/{rel}","templated":true}]}}