{"id":14277,"date":"2015-08-12T17:02:23","date_gmt":"2015-08-12T15:02:23","guid":{"rendered":"http:\/\/sajec.de\/blog\/?p=14277"},"modified":"2015-08-12T17:10:48","modified_gmt":"2015-08-12T15:10:48","slug":"sail-2015","status":"publish","type":"post","link":"https:\/\/sajec.de\/blog\/sail-2015\/","title":{"rendered":"Sail 2015"},"content":{"rendered":"<p>So ein freier (da \u00dcberstundenabbau aus dem Nachmittagsb\u00fcro) Mitwochnachmittag hat was, und um so mehr, wenn er mit lauter Segelschiffen gef\u00fcllt ist, die auf der Weser in den Bremerhavener Hafen schippern. Es ist SAIL-Jahr, und ich wollte dieses Jahr auch schauen. Mit mir schauten Tausende an beiden Seiten der Weser, aber ich fand mein Pl\u00e4tzchen, nachdem ich superp\u00fcnktlich aus dem Vormittagsb\u00fcro entwischen konnte und wie eine Verr\u00fcckte mit dem Radel nach Blexen ged\u00fcst bin. Ich hoffe, ich habe nachher geruchstechnisch niemanden bel\u00e4stigt. LOL<\/p>\n<p>Mit Sitzkissen, schnell noch im Netto geshoppter Wasserflasche und 2 Corny-Riegeln als Mittagessen und dem Tele-Canon-Objektiv im Anschlag, mit Musik auf den Ohren, sa\u00df ich nur etwas zu sp\u00e4t auf dem Deich und\u00a0guckte\u00a0auf die Weser und den kleinen Dubai-Turm von BRHV und sah sogar noch die Alex II (wenn auch nur halb-betackelt) vorbeischippern. Dann habe ich einfach nur noch geknippst, bis die Karte voll war (was sie schnell war, denn ich hatte die Harzbilder auch noch drauf).<\/p>\n<p>Aber alles gut &#8230; es gab viele\u00a0Schiffe, gro\u00dfe und kleine, und Hubschrauber und\u00a0Dampfers und sogar eine schwarze Kogge (die mir mit am besten gefallen hat).<\/p>\n<p>Klick auf ein einzelnes\u00a0Bild sollte das rein theoretisch gr\u00f6\u00dfer machen \u00a0&#8211; wie mit Zauberei .<\/p>\n<p>\t<div class='ngg-imagebrowser default-view'\n\t\tid='ngg-imagebrowser-993fbe954eea717601e61fc29bd95012-14277'\n\t\tdata-nextgen-gallery-id=\"55\"\n\t\tdata-gallery-id=\"55\"\n\t\t\t\tdata-gallery-name=\"Sail_In_2015\"\n\t\t>\n\n\t\t<h3>1<\/h3>\n\n\t\t<div id=\"ngg-image-0\" class=\"pic\" \n\t\t\t\t\t>\n\t\t\t\t<a href='https:\/\/sajec.de\/blog\/wp-content\/gallery\/sail_in_2015\/1.jpg?t=1477904236'\n\t\t\ttitle=' '\n\t\t\tdata-src=\"https:\/\/sajec.de\/blog\/wp-content\/gallery\/sail_in_2015\/1.jpg?t=1477904236\"\n\t\t\tdata-thumbnail=\"https:\/\/sajec.de\/blog\/wp-content\/gallery\/sail_in_2015\/thumbs\/thumbs_1.jpg?t=1477904236\"\n\t\t\tdata-image-id=\"1610\"\n\t\t\tdata-image-name=\"1.jpg\"\n\t\t\tdata-title=\"1\"\n\t\t\tdata-description=\" \"\n\t\t\t\t\t\t\t\t\t\t\t\t\t\t\tclass=\"shutterset_993fbe954eea717601e61fc29bd95012\">\n\t\t\t\t\t\t<img title='1'\n\t\t\t\talt='1'\n\t\t\t\tsrc='https:\/\/sajec.de\/blog\/wp-content\/gallery\/sail_in_2015\/1.jpg?t=1477904236'\/>\n\t\t<\/a>\n\n\t\t<\/div>\n\t\t<div class='ngg-imagebrowser-nav'>\n\n\t\t\t<div class='back'>\n\t\t\t\t<a class='ngg-browser-prev'\n\t\t\t\t\tid='ngg-prev-1629'\n\t\t\t\t\thref='https:\/\/sajec.de\/blog\/sail-2015\/nggallery\/image\/20-4\/'>\n\t\t\t\t\t<i class=\"fa fa-chevron-left\" aria-hidden=\"true\"><\/i>\n\t\t\t\t<\/a>\n\t\t\t<\/div>\n\n\t\t\t<div class='next'>\n\t\t\t\t<a class='ngg-browser-next'\n\t\t\t\t\tid='ngg-next-1611'\n\t\t\t\t\thref='https:\/\/sajec.de\/blog\/sail-2015\/nggallery\/image\/2-3\/'>\n\t\t\t\t\t<i class=\"fa fa-chevron-right\" aria-hidden=\"true\"><\/i>\n\t\t\t\t<\/a>\n\t\t\t<\/div>\n\n\t\t\t<div class='counter'>\n\t\t\t\tBild\t\t\t\t1\t\t\t\tvon\t\t\t\t20\t\t\t<\/div>\n\n\t\t<\/div>\n\n\t\t<div class='ngg-imagebrowser-desc'>\n\t\t\t<p> <\/p>\n\t\t<\/div>\n\n\t<\/div>\t\t<\/div>\n\t<\/div>\n<\/p>\n","protected":false},"excerpt":{"rendered":"<p>So ein freier (da \u00dcberstundenabbau aus dem Nachmittagsb\u00fcro) Mitwochnachmittag hat was, und um so mehr, wenn er mit lauter Segelschiffen gef\u00fcllt ist, die auf der Weser in den Bremerhavener Hafen schippern. Es ist SAIL-Jahr, und ich wollte dieses Jahr auch &hellip; <a href=\"https:\/\/sajec.de\/blog\/sail-2015\/\">Weiterlesen <span class=\"meta-nav\">&rarr;<\/span><\/a><\/p>\n","protected":false},"author":2,"featured_media":0,"comment_status":"open","ping_status":"open","sticky":false,"template":"","format":"standard","meta":{"ngg_post_thumbnail":0,"footnotes":""},"categories":[5,1],"tags":[],"class_list":["post-14277","post","type-post","status-publish","format-standard","hentry","category-bilder","category-tagebuch"],"_links":{"self":[{"href":"https:\/\/sajec.de\/blog\/wp-json\/wp\/v2\/posts\/14277","targetHints":{"allow":["GET"]}}],"collection":[{"href":"https:\/\/sajec.de\/blog\/wp-json\/wp\/v2\/posts"}],"about":[{"href":"https:\/\/sajec.de\/blog\/wp-json\/wp\/v2\/types\/post"}],"author":[{"embeddable":true,"href":"https:\/\/sajec.de\/blog\/wp-json\/wp\/v2\/users\/2"}],"replies":[{"embeddable":true,"href":"https:\/\/sajec.de\/blog\/wp-json\/wp\/v2\/comments?post=14277"}],"version-history":[{"count":8,"href":"https:\/\/sajec.de\/blog\/wp-json\/wp\/v2\/posts\/14277\/revisions"}],"predecessor-version":[{"id":14286,"href":"https:\/\/sajec.de\/blog\/wp-json\/wp\/v2\/posts\/14277\/revisions\/14286"}],"wp:attachment":[{"href":"https:\/\/sajec.de\/blog\/wp-json\/wp\/v2\/media?parent=14277"}],"wp:term":[{"taxonomy":"category","embeddable":true,"href":"https:\/\/sajec.de\/blog\/wp-json\/wp\/v2\/categories?post=14277"},{"taxonomy":"post_tag","embeddable":true,"href":"https:\/\/sajec.de\/blog\/wp-json\/wp\/v2\/tags?post=14277"}],"curies":[{"name":"wp","href":"https:\/\/api.w.org\/{rel}","templated":true}]}}