{"id":14435,"date":"2015-08-19T20:35:39","date_gmt":"2015-08-19T18:35:39","guid":{"rendered":"http:\/\/sajec.de\/blog\/?p=14435"},"modified":"2015-08-19T20:38:52","modified_gmt":"2015-08-19T18:38:52","slug":"hump-day","status":"publish","type":"post","link":"https:\/\/sajec.de\/blog\/hump-day\/","title":{"rendered":"Hump Day"},"content":{"rendered":"<p>&#8230; oder schlicht:\u00a0Wochenzwischenstand.<\/p>\n<p>Es ist viel zu tun, in beiden B\u00fcros, und trotzdem ist das Arbeiten zurzeit befriedigend.\u00a0Ich fahre abends mit dem Gef\u00fchl nach Hause, wirklich was geschafft zu haben, auch wenn immer noch &#8211; besonders im Vormittagsb\u00fcro &#8211; einiges liegen bleibt und auf morgen verschoben werden muss. Das gute Gef\u00fchl jedenfalls ist abends da, die\u00a0M\u00fcdigkeit auch, aber es ist eine gute M\u00fcdigkeit, eine, die zwar schwer macht, aber nicht in Abgr\u00fcnde st\u00fcrzt und nicht\u00a0das Empfinden verursacht, wie damals Don Quichote den aussichtslosen Kampf gegen Hamsterr\u00e4der zu k\u00e4mpfen. Oder so. Ihr wisst schon was ich meine.<br \/>\nSogar mein Sportprogramm halte ich durch: wenigstens einmal in der Woche den Ergometerkilometerstrampelwettstreit mit mir selbst und am Donnerstag Schwimmen.<\/p>\n<p>So vergehen die Tage\u00a0flux und fix, schon wieder ist eine Woche fast rum. Die #supernatural Sommerpause wird von Woche zu Woche weniger und ich freue mich\u00a0auf die 11. Staffel, habe ich es doch geschafft, ziemlich spoilerfrei zu bleiben. Es kann allerdings auch sein, dass es noch gar keine Spoiler gibt &#8230; noch nicht. Doch! Einen Spoiler kenne ich; es wird in der 11. wieder mehr um SAM\u00a0&amp; DEAN\u00a0gehen, um die Br\u00fcder &#8230; und nichts wird zwischen ihnen stehen, kein Demonblut, kein H\u00f6llen-Vertrag, kein Angel-Besetzer inside und kein Mark of Cain .. einfach nur die Br\u00fcder und ihre Beziehung zueinander, und das mag ich sehr. Ich hoffe nur, sie setzen diese Beziehung nicht wieder auf die Demonblade-Schneide und bringen SAM\u00a0&amp; DEAN\u00a0auseinander! Ich brauche nach wie vor beide. M\u00f6glicherweise bekommen wir auch endlich endlich die lang ersehnte Vacation-Beach-Folge.<\/p>\n<p>Wenn ich\u00a0nicht gerade im Winchester-Universum nach Luft schnappe und immer wieder erstaunt bin, wie sehr mich diese Serie nach wie vor in ihren Bann zieht, dann verfolge ich lesend den letzten Teil der Geschichte um AYLA\u00a0und JONDOLAR\u00a0in der Eiszeit. Ich n\u00e4here mich dem Ende, und &#8211; das gebe ich offen zu \u00a0&#8211; ich habe bereits auf das Ende geschielt. Da ich wei\u00df, dass es keinen weiteren Teil mehr geben wird, musste ich einfach vorab wissen, ob sie beide zusammen bleiben werden. Sie werden! Und als ich das wusste, und auch WOLF nach wie vor durch die eiszeitlichen Steppen stromert, war ich beruhigt und konnte weiter\u00a0lesen. Manchmal ist es ein bisschen viel Landschafts- und &#8222;wie bastel ich aus einem Holzstamm einen Speer&#8220;-Beschreibung und zu wenig Action, aber ich mag es trotzdem &#8211; und \u00fcberspringe das seitenweise K\u00f6rbe flechten. Allerdings f\u00fcrchte ich mich vor dem unweigerlich kommenden Moment, wenn ich die letzte Seite gelesen haben werde, und es wirklich und endg\u00fcltig vorbei ist mit der Eiszeitsaga. Was dann? Man f\u00e4llt danach immer in so eine Art Loch; ich mag mich noch nicht\u00a0von der Geschichte trennen, und auch noch keine andere anfangen &#8230;<\/p>\n<p>An diesem Wochenende ist hier bei uns Stadtfest, und m\u00f6glicherweise gehen wir sogar hin. Nach 15 Jahren dann tats\u00e4chlich das erste Mal. Maybe! Mal\u00a0sehen.<\/p>\n<p><img loading=\"lazy\" decoding=\"async\" class=\"alignnone size-full wp-image-14436\" src=\"http:\/\/sajec.de\/blog\/wp-content\/uploads\/2015\/08\/Weser.jpg\" alt=\"Weser\" width=\"850\" height=\"567\" srcset=\"https:\/\/sajec.de\/blog\/wp-content\/uploads\/2015\/08\/Weser.jpg 850w, https:\/\/sajec.de\/blog\/wp-content\/uploads\/2015\/08\/Weser-300x200.jpg 300w\" sizes=\"auto, (max-width: 850px) 100vw, 850px\" \/><\/p>\n","protected":false},"excerpt":{"rendered":"<p>&#8230; oder schlicht:\u00a0Wochenzwischenstand. Es ist viel zu tun, in beiden B\u00fcros, und trotzdem ist das Arbeiten zurzeit befriedigend.\u00a0Ich fahre abends mit dem Gef\u00fchl nach Hause, wirklich was geschafft zu haben, auch wenn immer noch &#8211; besonders im Vormittagsb\u00fcro &#8211; einiges &hellip; <a href=\"https:\/\/sajec.de\/blog\/hump-day\/\">Weiterlesen <span class=\"meta-nav\">&rarr;<\/span><\/a><\/p>\n","protected":false},"author":2,"featured_media":0,"comment_status":"open","ping_status":"open","sticky":false,"template":"","format":"standard","meta":{"ngg_post_thumbnail":0,"footnotes":""},"categories":[1,6],"tags":[],"class_list":["post-14435","post","type-post","status-publish","format-standard","hentry","category-tagebuch","category-supernatural"],"_links":{"self":[{"href":"https:\/\/sajec.de\/blog\/wp-json\/wp\/v2\/posts\/14435","targetHints":{"allow":["GET"]}}],"collection":[{"href":"https:\/\/sajec.de\/blog\/wp-json\/wp\/v2\/posts"}],"about":[{"href":"https:\/\/sajec.de\/blog\/wp-json\/wp\/v2\/types\/post"}],"author":[{"embeddable":true,"href":"https:\/\/sajec.de\/blog\/wp-json\/wp\/v2\/users\/2"}],"replies":[{"embeddable":true,"href":"https:\/\/sajec.de\/blog\/wp-json\/wp\/v2\/comments?post=14435"}],"version-history":[{"count":4,"href":"https:\/\/sajec.de\/blog\/wp-json\/wp\/v2\/posts\/14435\/revisions"}],"predecessor-version":[{"id":14440,"href":"https:\/\/sajec.de\/blog\/wp-json\/wp\/v2\/posts\/14435\/revisions\/14440"}],"wp:attachment":[{"href":"https:\/\/sajec.de\/blog\/wp-json\/wp\/v2\/media?parent=14435"}],"wp:term":[{"taxonomy":"category","embeddable":true,"href":"https:\/\/sajec.de\/blog\/wp-json\/wp\/v2\/categories?post=14435"},{"taxonomy":"post_tag","embeddable":true,"href":"https:\/\/sajec.de\/blog\/wp-json\/wp\/v2\/tags?post=14435"}],"curies":[{"name":"wp","href":"https:\/\/api.w.org\/{rel}","templated":true}]}}