{"id":14475,"date":"2015-09-01T20:40:09","date_gmt":"2015-09-01T18:40:09","guid":{"rendered":"http:\/\/sajec.de\/blog\/?p=14475"},"modified":"2015-09-01T20:40:41","modified_gmt":"2015-09-01T18:40:41","slug":"hello-september","status":"publish","type":"post","link":"https:\/\/sajec.de\/blog\/hello-september\/","title":{"rendered":"Hello September"},"content":{"rendered":"<p>Der gestrige Montag war ein Montag, voller Hektik und Trubel und dem Gef\u00fchl, dass alles im B\u00fcro nur noch immer hektischer und trubeliger wird, je mehr man versucht, dagegen anzuk\u00e4mpfen. Was war ich froh, als der Montag rum war. Und es waren f\u00fcr den Abend sogar Gewitter angek\u00fcndigt. Der Himmel verdunkelte sich auch brav und k\u00fcndigte Unwetter an! Doch was war? N\u00fcscht war hier! Die Luft flackerte nur ein wenig, aber es donnerte kaum bis eigentlich gar nicht!<\/p>\n<p>Nun ist der August Geschichte. Der September soll sportlich gesehen nahtlos anschlie\u00dfen und vielleicht ein bisschen besser werden. Die Wochenenden nicht mehr so faul auf dem Sofa &#8230; Bewegung hei\u00dft das Zauberwort, denn es m\u00fcssen noch ein paar Pfunde wieder runter. Habe ich mich auf die Waage getraut? Nein! Immer noch nicht. Aber Ende September will ich mich auch dieser Herausforderung stellen. Es muss sein, damit ich \u00fcberhaupt wei\u00df, wo ich kilo-technisch stehe.<br \/>\nUnd weil man nicht nur von seinen Vorhaben reden, sondern diese auch gleich in Angriff nehmen soll, sa\u00df ich heute p\u00fcnktlich auf dem Ergometerchen (obwohl ich fast versucht war, es heute bereits zu schw\u00e4nzen, weil ich noch von gestern so kaputt war). Aber nein! Ich tat es nicht, sondern pflanzte mein Hinterteil auf das Strampeltier, warf #supernatural DEAD IN WATER in den player und nahm mir vor, zwar etwas weniger intensiv, aber trotzdem z\u00fcgig in die Pedale zu treten. Das Ergebnis war zufriedenstellend: Zwar habe ich die 20-km-Marke nicht erreicht, aber immerhin \u00fcber 19 km habe ich in den 45 Minuten in Programm 2, Level 2 geschafft und bilde mir ein, dass es bereits einfacher ging, als die Male zuvor. Kondition w\u00e4chst ja bekanntlich, wenn man sie st\u00e4ndig herauskitzelt.<\/p>\n<p>Nun gab es das erste Mal den neuen Eiwei\u00dfshake (statt Abendbrot), frisch geshoppt bei den AMAZONen. Sein einziger Kritikpunkt war doch tats\u00e4chlich, dass es zu sehr nach Nutella schmecken w\u00fcrde. Hallo? Es gibt nichts, was ZU SEHR nach Nutella schmecken k\u00f6nnte! Ich war neugierig, und\u00a0w\u00e4hrend ich hier diese ersten Blogzeilen gem\u00fctlich auf dem Sofa liegend tippse, schl\u00fcrfe ich eben jenen neu ergatterten Shake &#8211; und bin begeistert. Den nehme ich liebend gern und \u00f6fters! Also mir schmeckt er. Er ist low carb &#8211; und reicht mir v\u00f6llig aus, zumindest an 2 oder 3 Abenden in der Woche.<\/p>\n<p>Dann war da noch der heutige Morgen. Ich war \u00fcberp\u00fcnktlich (eigentlich 10 Minuten zu fr\u00fch) dran; nur noch 15 Meter und die Bahnschranken trennten mich von meinem Schreibtisch. Nat\u00fcrlich waren die Schranken unten. Sie sind IMMER unten, wenn ich da lang will, was daran liegen k\u00f6nnte, dass ich so ziemlich immer zur selben Zeit an den Bahnschranken lande. Gew\u00f6hnlich kommt aber fix der Zug, rattert durch und man kann ganz normal dr\u00fcber.<\/p>\n<p>Heute nicht!<br \/>\nDie Schranken gingen runter, das rote Licht blinkte verhei\u00dfungsvoll, ich stand als 2. Auto, schaltete das MAZDA ab und das Licht aus &#8211; und\u00a0wartete brav. Kann ja nicht lange dauern. Und wartete. Und wartete. Wartete immer mehr. Mit mir warteten bereits viele. Es warteten immer mehr. Nach 12 Minuten stieg ich aus, um nachzuschauen &#8230; da kam ja endlich ein Zug, in Schritttempo. Tuck tuck tuck &#8211; tut tut tut &#8230;. und endlich war er durch. Ich rein ins Auto, Mazda angeschmissen &#8230; aber: N\u00dcSCHT! Die\u00a0Schranken blieben wo sie waren,\u00a0n\u00e4mlich unten, und auch das rote Licht blinkte flei\u00dfig weiter in Rot. Wir warteten weiter, denn wo sollte ich auch hin? Um von der anderen Seite ins B\u00fcro zu kommen, m\u00fcsste ich einen Umweg von ca. 10 km fahren, und auch dort dieselbe Bahnstrecke irgendwie \u00fcberqueren m\u00fcssen; und mir schwante, dass dort auch die Autos standen und warteten &#8230; warteten &#8230; und immer noch warten.<br \/>\nNach 23 Minuten dann: Schwupp &#8211; Schranken gingen hoch! Welch Freude. Hatte bestimmt irgend so ein Azubi heute bei der Bahn vergessen, den Knopf zu dr\u00fccken. LOL<\/p>\n","protected":false},"excerpt":{"rendered":"<p>Der gestrige Montag war ein Montag, voller Hektik und Trubel und dem Gef\u00fchl, dass alles im B\u00fcro nur noch immer hektischer und trubeliger wird, je mehr man versucht, dagegen anzuk\u00e4mpfen. Was war ich froh, als der Montag rum war. Und &hellip; <a href=\"https:\/\/sajec.de\/blog\/hello-september\/\">Weiterlesen <span class=\"meta-nav\">&rarr;<\/span><\/a><\/p>\n","protected":false},"author":2,"featured_media":0,"comment_status":"open","ping_status":"open","sticky":false,"template":"","format":"standard","meta":{"ngg_post_thumbnail":0,"footnotes":""},"categories":[21,1],"tags":[],"class_list":["post-14475","post","type-post","status-publish","format-standard","hentry","category-abnehmen","category-tagebuch"],"_links":{"self":[{"href":"https:\/\/sajec.de\/blog\/wp-json\/wp\/v2\/posts\/14475","targetHints":{"allow":["GET"]}}],"collection":[{"href":"https:\/\/sajec.de\/blog\/wp-json\/wp\/v2\/posts"}],"about":[{"href":"https:\/\/sajec.de\/blog\/wp-json\/wp\/v2\/types\/post"}],"author":[{"embeddable":true,"href":"https:\/\/sajec.de\/blog\/wp-json\/wp\/v2\/users\/2"}],"replies":[{"embeddable":true,"href":"https:\/\/sajec.de\/blog\/wp-json\/wp\/v2\/comments?post=14475"}],"version-history":[{"count":1,"href":"https:\/\/sajec.de\/blog\/wp-json\/wp\/v2\/posts\/14475\/revisions"}],"predecessor-version":[{"id":14476,"href":"https:\/\/sajec.de\/blog\/wp-json\/wp\/v2\/posts\/14475\/revisions\/14476"}],"wp:attachment":[{"href":"https:\/\/sajec.de\/blog\/wp-json\/wp\/v2\/media?parent=14475"}],"wp:term":[{"taxonomy":"category","embeddable":true,"href":"https:\/\/sajec.de\/blog\/wp-json\/wp\/v2\/categories?post=14475"},{"taxonomy":"post_tag","embeddable":true,"href":"https:\/\/sajec.de\/blog\/wp-json\/wp\/v2\/tags?post=14475"}],"curies":[{"name":"wp","href":"https:\/\/api.w.org\/{rel}","templated":true}]}}