{"id":14496,"date":"2015-09-08T20:49:49","date_gmt":"2015-09-08T18:49:49","guid":{"rendered":"http:\/\/sajec.de\/blog\/?p=14496"},"modified":"2015-09-09T07:25:12","modified_gmt":"2015-09-09T05:25:12","slug":"gelaufen","status":"publish","type":"post","link":"https:\/\/sajec.de\/blog\/gelaufen\/","title":{"rendered":"Gelaufen!"},"content":{"rendered":"<p>Mir war heute nach dem B\u00fcro so gar nicht nach Ergometer zumute. So ganz und gar nicht! Das Wetter war zu sch\u00f6n, goldene Abendsonne, leichter Wind, warm, aber nicht zu hei\u00df.\u00a0Ich wollte raus! Aber konnte ich es wagen, doch wieder zu laufen? Also nicht einfach gem\u00fctlich Spazieren gehen, sondern L A U F E N, eventuell sogar Joggen? W\u00fcrde mein Knie sofort in Protesthaltung knacken und vehement und zickig alle Argumente in den Weg werfen, die mir von dem Orthop\u00e4den vor einem 3\/4 Jahr prophezeit wurden? Aber ich wollte laufen!<br \/>\nUnd ich lief! Ich hatte mir vorgenommen, es langsam anzugehen und erst einmal zu testen, wie es sich so macht. Immerhin war ich mehr als 9 Monate nicht mehr laufend unterwegs. W\u00fcrde ich mich an meine Kondition erinnern? Nun, eine kleine Runde wenigstens wollte ich es versuchen, und wenn das Knie beizeiten in den Streik treten sollte, dann spaziere ich eben nach Hause.<br \/>\nDoch alles lief sich gut, nach 10 Minuten hatte ich meinen\u00a0Rhythmus gefunden, verfiel in meinen angenehmen Lauf-Automatismus, und lief und lief &#8230; und genoss den fr\u00fchen Herbstabend. Knapp 45 Minuten war ich unterwegs und absolvierte nicht ganz 5 km dabei. Das ist sicherlich nicht so schnell wie &#8222;damals&#8220;, als ich noch regelm\u00e4\u00dfig lief, aber es ist auch nicht schlecht; und vor allem hielt ich die 45 Minuten durch, musste nicht Ausruhen und hektisch nach Luft schnappen oder Seitenstiche wegatmen! Alles gut. Und das Gef\u00fchl nach dem Laufen ist doch immer noch unbeschreiblich! Einfach sch\u00f6n.<br \/>\nIch denke, wenn ich es nicht gleich wieder \u00fcbertreibe, sondern es bei einer w\u00f6chentlichen Runde um die 5 km belasse, sollte ich wieder Laufen gehen &#8211; wenn mir eben danach ist.<\/p>\n<p><span style=\"text-decoration: underline;\"><strong>Edit am n\u00e4chsten Morgen auf Twitter:<\/strong><\/span><\/p>\n<p>&nbsp;<\/p>\n<blockquote class=\"twitter-tweet\" data-partner=\"tweetdeck\">\n<p dir=\"ltr\" lang=\"de\">GRMPF! Gestern nach dem Laufen war alles gut. Doch heute fress ich schon wieder Mobilat-Salbe am Knie!<\/p>\n<p>\u2014 Sabine J. (@werkarniggel) <a href=\"https:\/\/twitter.com\/werkarniggel\/status\/641481584378576896\">September 9, 2015<\/a><\/p><\/blockquote>\n<p><script src=\"\/\/platform.twitter.com\/widgets.js\" async=\"\" charset=\"utf-8\"><\/script><\/p>\n","protected":false},"excerpt":{"rendered":"<p>Mir war heute nach dem B\u00fcro so gar nicht nach Ergometer zumute. So ganz und gar nicht! Das Wetter war zu sch\u00f6n, goldene Abendsonne, leichter Wind, warm, aber nicht zu hei\u00df.\u00a0Ich wollte raus! Aber konnte ich es wagen, doch wieder &hellip; <a href=\"https:\/\/sajec.de\/blog\/gelaufen\/\">Weiterlesen <span class=\"meta-nav\">&rarr;<\/span><\/a><\/p>\n","protected":false},"author":2,"featured_media":0,"comment_status":"open","ping_status":"open","sticky":false,"template":"","format":"standard","meta":{"ngg_post_thumbnail":0,"footnotes":""},"categories":[21],"tags":[],"class_list":["post-14496","post","type-post","status-publish","format-standard","hentry","category-abnehmen"],"_links":{"self":[{"href":"https:\/\/sajec.de\/blog\/wp-json\/wp\/v2\/posts\/14496","targetHints":{"allow":["GET"]}}],"collection":[{"href":"https:\/\/sajec.de\/blog\/wp-json\/wp\/v2\/posts"}],"about":[{"href":"https:\/\/sajec.de\/blog\/wp-json\/wp\/v2\/types\/post"}],"author":[{"embeddable":true,"href":"https:\/\/sajec.de\/blog\/wp-json\/wp\/v2\/users\/2"}],"replies":[{"embeddable":true,"href":"https:\/\/sajec.de\/blog\/wp-json\/wp\/v2\/comments?post=14496"}],"version-history":[{"count":3,"href":"https:\/\/sajec.de\/blog\/wp-json\/wp\/v2\/posts\/14496\/revisions"}],"predecessor-version":[{"id":14499,"href":"https:\/\/sajec.de\/blog\/wp-json\/wp\/v2\/posts\/14496\/revisions\/14499"}],"wp:attachment":[{"href":"https:\/\/sajec.de\/blog\/wp-json\/wp\/v2\/media?parent=14496"}],"wp:term":[{"taxonomy":"category","embeddable":true,"href":"https:\/\/sajec.de\/blog\/wp-json\/wp\/v2\/categories?post=14496"},{"taxonomy":"post_tag","embeddable":true,"href":"https:\/\/sajec.de\/blog\/wp-json\/wp\/v2\/tags?post=14496"}],"curies":[{"name":"wp","href":"https:\/\/api.w.org\/{rel}","templated":true}]}}