{"id":14543,"date":"2015-09-11T12:36:11","date_gmt":"2015-09-11T10:36:11","guid":{"rendered":"http:\/\/sajec.de\/blog\/?p=14543"},"modified":"2015-09-11T12:38:43","modified_gmt":"2015-09-11T10:38:43","slug":"markttreiben","status":"publish","type":"post","link":"https:\/\/sajec.de\/blog\/markttreiben\/","title":{"rendered":"Markttreiben"},"content":{"rendered":"<p>Was f\u00fcr ein sch\u00f6ner Freitag-Morgen. Ein freier Freitag-Morgen, ohne B\u00fcro und ohne Akten. Daf\u00fcr mit Zeit, mich endlich auf dem lokalen Markt mal\u00a0mit treiben zu lassen, auch wenn es ein wenig regnerisch erst aussah.<\/p>\n<blockquote class=\"twitter-tweet\" data-partner=\"tweetdeck\">\n<p dir=\"ltr\" lang=\"de\">Dem Markttreiben zusehen an einem k\u00fchlen freien Freitag Morgen, mit Kaffee. <a href=\"http:\/\/t.co\/X36AM61LJG\">pic.twitter.com\/X36AM61LJG<\/a><\/p>\n<p>\u2014 Sabine J. (@werkarniggel) <a href=\"https:\/\/twitter.com\/werkarniggel\/status\/642238145858260992\">September 11, 2015<\/a><\/p><\/blockquote>\n<p>Nach der Tasse Kaffee und einem halben mit Schinken belegtem Br\u00f6tchen schl\u00e4ngelte ich mich unter die Leute, betrachtete die liebevoll eingerichteten St\u00e4nde, kaufte Eier von gl\u00fccklichen und eigenh\u00e4ndig gestreichelten H\u00fchnern,\u00a0Herbst-Deko-Kram f\u00fcr das Wohnzimmer, Weintrauben und Dies und Das. Ich genoss einfach den Vormittag, ohne Hektik, ohne Druck, ohne Plan; einfach schauen und erleben und genie\u00dfen, wie mir eben war. Ein kleines bisschen Shopping-Wahn durfte auch dabei sein, inklusive einem neuen Oberteil, neuen Ohrringen und diese super-genialen Gel-Einlege-Sohlen f\u00fcr die Lieblingstreter, auf die ich sowieso schon l\u00e4nger scharf war.<\/p>\n<p>Nach hause brachte ich dann &#8211; f\u00fcr ein zeitiges Mittagessen &#8211; die traditionelle Chinaente; und nun liege ich, satt, zufrieden und mit Kaffee versorgt, Radio h\u00f6rend auf dem Sofa und denke mir: So einen Freitag solltest du dir ruhig \u00f6fter g\u00f6nnen.<\/p>\n<blockquote class=\"twitter-tweet\" lang=\"de\">\n<p dir=\"ltr\" lang=\"de\">Ich kam nicht dran vorbei. Da musste was mit! <a href=\"http:\/\/t.co\/fvrlm7p5LZ\">pic.twitter.com\/fvrlm7p5LZ<\/a><\/p>\n<p>\u2014 Sabine J. (@werkarniggel) <a href=\"https:\/\/twitter.com\/werkarniggel\/status\/642249093344010240\">11. September 2015<\/a><\/p><\/blockquote>\n<p><script src=\"\/\/platform.twitter.com\/widgets.js\" async=\"\" charset=\"utf-8\"><\/script><script src=\"\/\/platform.twitter.com\/widgets.js\" async=\"\" charset=\"utf-8\"><\/script><\/p>\n","protected":false},"excerpt":{"rendered":"<p>Was f\u00fcr ein sch\u00f6ner Freitag-Morgen. Ein freier Freitag-Morgen, ohne B\u00fcro und ohne Akten. Daf\u00fcr mit Zeit, mich endlich auf dem lokalen Markt mal\u00a0mit treiben zu lassen, auch wenn es ein wenig regnerisch erst aussah. Dem Markttreiben zusehen an einem k\u00fchlen &hellip; <a href=\"https:\/\/sajec.de\/blog\/markttreiben\/\">Weiterlesen <span class=\"meta-nav\">&rarr;<\/span><\/a><\/p>\n","protected":false},"author":2,"featured_media":0,"comment_status":"open","ping_status":"open","sticky":false,"template":"","format":"standard","meta":{"ngg_post_thumbnail":0,"footnotes":""},"categories":[1],"tags":[],"class_list":["post-14543","post","type-post","status-publish","format-standard","hentry","category-tagebuch"],"_links":{"self":[{"href":"https:\/\/sajec.de\/blog\/wp-json\/wp\/v2\/posts\/14543","targetHints":{"allow":["GET"]}}],"collection":[{"href":"https:\/\/sajec.de\/blog\/wp-json\/wp\/v2\/posts"}],"about":[{"href":"https:\/\/sajec.de\/blog\/wp-json\/wp\/v2\/types\/post"}],"author":[{"embeddable":true,"href":"https:\/\/sajec.de\/blog\/wp-json\/wp\/v2\/users\/2"}],"replies":[{"embeddable":true,"href":"https:\/\/sajec.de\/blog\/wp-json\/wp\/v2\/comments?post=14543"}],"version-history":[{"count":2,"href":"https:\/\/sajec.de\/blog\/wp-json\/wp\/v2\/posts\/14543\/revisions"}],"predecessor-version":[{"id":14545,"href":"https:\/\/sajec.de\/blog\/wp-json\/wp\/v2\/posts\/14543\/revisions\/14545"}],"wp:attachment":[{"href":"https:\/\/sajec.de\/blog\/wp-json\/wp\/v2\/media?parent=14543"}],"wp:term":[{"taxonomy":"category","embeddable":true,"href":"https:\/\/sajec.de\/blog\/wp-json\/wp\/v2\/categories?post=14543"},{"taxonomy":"post_tag","embeddable":true,"href":"https:\/\/sajec.de\/blog\/wp-json\/wp\/v2\/tags?post=14543"}],"curies":[{"name":"wp","href":"https:\/\/api.w.org\/{rel}","templated":true}]}}