{"id":14555,"date":"2015-09-15T16:37:50","date_gmt":"2015-09-15T14:37:50","guid":{"rendered":"http:\/\/sajec.de\/blog\/?p=14555"},"modified":"2015-09-15T16:38:40","modified_gmt":"2015-09-15T14:38:40","slug":"der-erste-vhs-english-kurs-abend-nach-der-sommerpause","status":"publish","type":"post","link":"https:\/\/sajec.de\/blog\/der-erste-vhs-english-kurs-abend-nach-der-sommerpause\/","title":{"rendered":"Der erste VHS English-Kurs-Abend nach der Sommerpause"},"content":{"rendered":"<p><img loading=\"lazy\" decoding=\"async\" class=\"alignnone size-full wp-image-14556\" src=\"http:\/\/sajec.de\/blog\/wp-content\/uploads\/2015\/09\/VHS_Blick_14092015.jpg\" alt=\"VHS_Blick_14092015\" width=\"850\" height=\"638\" srcset=\"https:\/\/sajec.de\/blog\/wp-content\/uploads\/2015\/09\/VHS_Blick_14092015.jpg 850w, https:\/\/sajec.de\/blog\/wp-content\/uploads\/2015\/09\/VHS_Blick_14092015-300x225.jpg 300w\" sizes=\"auto, (max-width: 850px) 100vw, 850px\" \/><\/p>\n<p>Es wurde wirklich wieder Zeit, dass ich meine verwahrlosten sogenannten English-Grammar-Kenntnisse wieder entstaube. In den letzten Wochen und Monaten habe ich \u00fcberwiegend auf Deutsch meine Weisheiten (die ja doch meistens nichts anderes als dummes Geschw\u00e4tz sind) auf Twitter kundgetan. Gesprochen habe ich Englisch &#8230; also eigentlich gar nie niemals mehr. Wann auch? Mir fehlt einfach die Praxis.<br \/>\nIch kann es lesen, ich verstehe es, wenn zumindest Dean und Sam Winchester im Texas-English D\u00e4monen jagen; ich kann auch den einen oder anderen Tweet auf English ohne M\u00fche und Probleme und quasi gedankenlos in mein Gehirn schubsen, ohne dass sich selbiges verrenkt. Ja, ich verstehe sogar mehr und mehr Liedtexte, die mir vor einigen Jahren noch Spanisch vorkamen; und das Erkennen, um was es in den Liedern \u00fcberhaupt geht, zaubert mir hin und wieder noch ein erstauntes und verz\u00fccktes L\u00e4cheln in die Gesichtsoptik.<\/p>\n<p>Aber sprechen? Sprechen, nun &#8230; in meinem Kopf h\u00f6rt es sich richtig an, doch wenn dann meine Zunge den Satz auf Englisch laut sagen soll, f\u00e4ngt sie an, sich zu verknoten und die Grammatik durcheinanderzuschleudern.<\/p>\n<p>Es ist also dringend wieder an der Zeit, montags die Schulbank zu dr\u00fccken und Englisch zu reden; auch wenn die Montage nun wieder lang und anstrengend sind. Aber es macht Spa\u00df! Das tut es wirklich! It&#8217;s really really fun!<br \/>\nUnd so sa\u00df ich dann gestern Abend auch brav im Lieblingscafe, das sich meiner erinnerte und sofort und ohne, dass ich etwas sagen musste, mir meinen Milchkaffee ohne Zucker aber mit Extra-Keks servierte. Uwe und Peter, die beiden Hausmeister, freuten sich, dass ich wieder das \u00fcbliche Schw\u00e4tzchen mit ihnen hielt. Ich hatte mein neues KINDLE mit, geno\u00df den Kaffee und wartete entspannt die Stunde, bis endlich der Abendkurs anf\u00e4ngt.<\/p>\n<p>Neugierig war ich! Wie viele Leute w\u00fcrden wohl diesmal im Kurs sein? Wer machte von der alten Riege weiter? Nur ich? Ich war aufgeregt und aufgedreht &#8230; und das merkte man dann wohl auch. Von der alten Garde sind 4 peeps mit mir wieder mit dabei, 4 g\u00e4nzlich Neue sind dazugekommen, und nach der ersten Beschnubberungsrunde gestern zu urteilen, passen wir auch gut zusammen. Wie wir allerdings von &#8222;let me introduce &#8230;.&#8220; auf Einh\u00f6rner, Dinosaurier, Kinder in Handschellen und Drogen in Ostfriesland kamen, krieg ich heute gar nicht mehr zusammen *lach*. Okay, dass Thema Vancouver, supernatural, Jensen (He smells sooooo great!) und Rom-Convention geht eindeutig auf meine K(l)appe.<br \/>\nUnd so sa\u00dfen wir und redeten oder versuchten zumindest zu reden und lachten viel mehr, als das wir redeten, und es war von Anfang an gleich eine nette Runde mit interessanten Leuten, so dass die 1,5 Stunden wie im Fluge vergingen. Ich habe sogar das aufziehende und dann tats\u00e4chlich auch stattfindende Gewitter v\u00f6llig verdr\u00e4ngt w\u00e4hrend der Konversationsversuche; wurde aber auf der Heimfahrt mit einem fantastischen Wetterleuchten \u00fcber der Weser belohnt.<br \/>\nHach, das werden tolle Montage, wenn die Truppe so bleibt.<br \/>\nUnd irgendwann kann ich vielleicht sogar auf Englisch reden, ohne dass meinem Gegen\u00fcber Fragezeichenkringel in der Stirn blinken und er\/sie in Lachen ausbricht. \ud83d\ude00<\/p>\n","protected":false},"excerpt":{"rendered":"<p>Es wurde wirklich wieder Zeit, dass ich meine verwahrlosten sogenannten English-Grammar-Kenntnisse wieder entstaube. In den letzten Wochen und Monaten habe ich \u00fcberwiegend auf Deutsch meine Weisheiten (die ja doch meistens nichts anderes als dummes Geschw\u00e4tz sind) auf Twitter kundgetan. Gesprochen &hellip; <a href=\"https:\/\/sajec.de\/blog\/der-erste-vhs-english-kurs-abend-nach-der-sommerpause\/\">Weiterlesen <span class=\"meta-nav\">&rarr;<\/span><\/a><\/p>\n","protected":false},"author":2,"featured_media":0,"comment_status":"open","ping_status":"open","sticky":false,"template":"","format":"standard","meta":{"ngg_post_thumbnail":0,"footnotes":""},"categories":[1],"tags":[],"class_list":["post-14555","post","type-post","status-publish","format-standard","hentry","category-tagebuch"],"_links":{"self":[{"href":"https:\/\/sajec.de\/blog\/wp-json\/wp\/v2\/posts\/14555","targetHints":{"allow":["GET"]}}],"collection":[{"href":"https:\/\/sajec.de\/blog\/wp-json\/wp\/v2\/posts"}],"about":[{"href":"https:\/\/sajec.de\/blog\/wp-json\/wp\/v2\/types\/post"}],"author":[{"embeddable":true,"href":"https:\/\/sajec.de\/blog\/wp-json\/wp\/v2\/users\/2"}],"replies":[{"embeddable":true,"href":"https:\/\/sajec.de\/blog\/wp-json\/wp\/v2\/comments?post=14555"}],"version-history":[{"count":2,"href":"https:\/\/sajec.de\/blog\/wp-json\/wp\/v2\/posts\/14555\/revisions"}],"predecessor-version":[{"id":14558,"href":"https:\/\/sajec.de\/blog\/wp-json\/wp\/v2\/posts\/14555\/revisions\/14558"}],"wp:attachment":[{"href":"https:\/\/sajec.de\/blog\/wp-json\/wp\/v2\/media?parent=14555"}],"wp:term":[{"taxonomy":"category","embeddable":true,"href":"https:\/\/sajec.de\/blog\/wp-json\/wp\/v2\/categories?post=14555"},{"taxonomy":"post_tag","embeddable":true,"href":"https:\/\/sajec.de\/blog\/wp-json\/wp\/v2\/tags?post=14555"}],"curies":[{"name":"wp","href":"https:\/\/api.w.org\/{rel}","templated":true}]}}