{"id":14726,"date":"2015-10-26T16:32:59","date_gmt":"2015-10-26T15:32:59","guid":{"rendered":"http:\/\/sajec.de\/blog\/?p=14726"},"modified":"2015-10-26T20:42:48","modified_gmt":"2015-10-26T19:42:48","slug":"ohrenschmerzen-und-seelendunkel","status":"publish","type":"post","link":"https:\/\/sajec.de\/blog\/ohrenschmerzen-und-seelendunkel\/","title":{"rendered":"Ohrenschmerzen und Seelendunkel"},"content":{"rendered":"<p><img loading=\"lazy\" decoding=\"async\" class=\"alignnone size-full wp-image-14729\" src=\"http:\/\/sajec.de\/blog\/wp-content\/uploads\/2015\/10\/BeautifulBritishColumbia4.jpg\" alt=\"BeautifulBritishColumbia4\" width=\"850\" height=\"567\" srcset=\"https:\/\/sajec.de\/blog\/wp-content\/uploads\/2015\/10\/BeautifulBritishColumbia4.jpg 850w, https:\/\/sajec.de\/blog\/wp-content\/uploads\/2015\/10\/BeautifulBritishColumbia4-300x200.jpg 300w\" sizes=\"auto, (max-width: 850px) 100vw, 850px\" \/><\/p>\n<p>Die vergangenen Tage &#8211; besonders das Wochenende und der heutige Montag &#8211; begleiteten mich Ohrenschmerzen und dunkle Gedanken. Da ist eine Traurigkeit in mir, nicht greifbar, nicht erkl\u00e4rbar; ich f\u00fchle mich st\u00e4ndig m\u00fcde und antriebslos. Am liebsten w\u00fcrde ich mich den ganzen Tag im Bett oder auf dem Sofa verkriechen. Aber nat\u00fcrlich ruft das B\u00fcro. M\u00f6glicherweise brauche ich schlicht mal wieder richtigen Urlaub, und nicht blo\u00df den einen oder anderen Freitag ab und zu frei. Urlaub! Und dann auch ein Ausflugsziel oder ein Ereignis, auf das ich mich freuen, dem ich entgegenfiebern kann, das mich aus dem sonst immer selben Alltagsgrau herauskatapultiert.<\/p>\n<p>Aber da ist nichts in absehbarer Zeit! Die n\u00e4chsten freien Tage werden vermutlich erst zu Weihnachten sein, und davor die Zeit im B\u00fcro wird &#8211; wie jedes Jahr &#8211; von Hektik und Arbeitsauftr\u00e4gen nur so wimmeln.<\/p>\n<p>Und so schleppe ich mich durch die Wochen, die trotzdem erschreckend rasen, beobachte argw\u00f6hnisch meine seit Samstagabend anhaltenden Ohrenschmerzen und frage mich, was da noch kommt, und wie dick es kommt.<\/p>\n<p>Diese Tage\u00a0w\u00e4re mein Vati 89 Jahre alt geworden. Ich winke dir mal seufzend in Gedanken zu, Paps.<\/p>\n","protected":false},"excerpt":{"rendered":"<p>Die vergangenen Tage &#8211; besonders das Wochenende und der heutige Montag &#8211; begleiteten mich Ohrenschmerzen und dunkle Gedanken. Da ist eine Traurigkeit in mir, nicht greifbar, nicht erkl\u00e4rbar; ich f\u00fchle mich st\u00e4ndig m\u00fcde und antriebslos. Am liebsten w\u00fcrde ich mich &hellip; <a href=\"https:\/\/sajec.de\/blog\/ohrenschmerzen-und-seelendunkel\/\">Weiterlesen <span class=\"meta-nav\">&rarr;<\/span><\/a><\/p>\n","protected":false},"author":2,"featured_media":0,"comment_status":"open","ping_status":"open","sticky":false,"template":"","format":"standard","meta":{"ngg_post_thumbnail":0,"footnotes":""},"categories":[24],"tags":[],"class_list":["post-14726","post","type-post","status-publish","format-standard","hentry","category-status"],"_links":{"self":[{"href":"https:\/\/sajec.de\/blog\/wp-json\/wp\/v2\/posts\/14726","targetHints":{"allow":["GET"]}}],"collection":[{"href":"https:\/\/sajec.de\/blog\/wp-json\/wp\/v2\/posts"}],"about":[{"href":"https:\/\/sajec.de\/blog\/wp-json\/wp\/v2\/types\/post"}],"author":[{"embeddable":true,"href":"https:\/\/sajec.de\/blog\/wp-json\/wp\/v2\/users\/2"}],"replies":[{"embeddable":true,"href":"https:\/\/sajec.de\/blog\/wp-json\/wp\/v2\/comments?post=14726"}],"version-history":[{"count":5,"href":"https:\/\/sajec.de\/blog\/wp-json\/wp\/v2\/posts\/14726\/revisions"}],"predecessor-version":[{"id":14732,"href":"https:\/\/sajec.de\/blog\/wp-json\/wp\/v2\/posts\/14726\/revisions\/14732"}],"wp:attachment":[{"href":"https:\/\/sajec.de\/blog\/wp-json\/wp\/v2\/media?parent=14726"}],"wp:term":[{"taxonomy":"category","embeddable":true,"href":"https:\/\/sajec.de\/blog\/wp-json\/wp\/v2\/categories?post=14726"},{"taxonomy":"post_tag","embeddable":true,"href":"https:\/\/sajec.de\/blog\/wp-json\/wp\/v2\/tags?post=14726"}],"curies":[{"name":"wp","href":"https:\/\/api.w.org\/{rel}","templated":true}]}}