{"id":14733,"date":"2015-10-29T07:32:07","date_gmt":"2015-10-29T06:32:07","guid":{"rendered":"http:\/\/sajec.de\/blog\/?p=14733"},"modified":"2015-10-29T07:32:07","modified_gmt":"2015-10-29T06:32:07","slug":"mieser-verraeter","status":"publish","type":"post","link":"https:\/\/sajec.de\/blog\/mieser-verraeter\/","title":{"rendered":"Mieser Verr\u00e4ter"},"content":{"rendered":"<p>&#8230;. die ich bin!<\/p>\n<p>Es war #supernatural-Nacht. Zeitlich-strategisch sogar au\u00dferordentlich gut gelegen, denn dadurch, dass Deutschland schon am letzten Wochenende der Sommerzeit den Garaus machte, w\u00e4re es letzte Nacht viel weniger zerrissen gewesen. Kurz vor 2 Uhr aufstehen, Livestream suchen, die BABY-Folge schauen und anschlie\u00dfend, also kurz nach 3, direkt wieder ins Bett und noch gute 3 Stunden vor dem B\u00fcro schlafen. So lautete der Plan, ein verdammt guter Plan &#8230; und nun kommt das ABER:<\/p>\n<p>Seit Tagen plagen mich Ohrenschmerzen. Die wollen einfach nicht weggehen. Es ist nicht so, dass ich vor Schmerz die W\u00e4nde hochkrabbeln m\u00f6chte, aber ich merke, es ist da Druck und ab und an zieht eine Schmerzwehe durch das gesamte Ohr. Deswegen habe ich Dienstag schon das Schwimmen lieber ausfallen lassen.<br \/>\nGestern Abend jedenfalls, nach einem Tag, der Ohrenschmerzen-technisch zwar recht stabil und schmerzfrei war, aber im Nachmittagsb\u00fcro mit Hektik am Kopierer begann, gestern Abend jedenfalls war mir st\u00e4ndig schwindelig. Schon die Heimfahrt war eine Aktion f\u00fcr sich: Heizung an &#8211; Fenster auf; und wage es ja nicht, Kopf, w\u00e4hrend der Fahrt abzufallen! Jedenfalls war mir in dem kreisenden Zustand, als selbst das Bett mit meinem Kopf drin schwankte, klar: Das wird nichts mit nachts aufstehen und deiner Suchtserie huldigen. Und so stellte ich den Wecker wieder aus.<\/p>\n<p>Nun ist das Schwindeln erst mal wieder weg, ich bin im B\u00fcro, immer noch Ohrendruck, Twitter ist voll und begeistert und zumindest meine Timeline plappert nur von #supernatural, Jensen hat dazu getwittert &#8230; und ich? Ich f\u00fchle mich wie ein mieser Verr\u00e4ter &#8230;<\/p>\n","protected":false},"excerpt":{"rendered":"<p>&#8230;. die ich bin! Es war #supernatural-Nacht. Zeitlich-strategisch sogar au\u00dferordentlich gut gelegen, denn dadurch, dass Deutschland schon am letzten Wochenende der Sommerzeit den Garaus machte, w\u00e4re es letzte Nacht viel weniger zerrissen gewesen. Kurz vor 2 Uhr aufstehen, Livestream suchen, &hellip; <a href=\"https:\/\/sajec.de\/blog\/mieser-verraeter\/\">Weiterlesen <span class=\"meta-nav\">&rarr;<\/span><\/a><\/p>\n","protected":false},"author":2,"featured_media":0,"comment_status":"open","ping_status":"open","sticky":false,"template":"","format":"standard","meta":{"ngg_post_thumbnail":0,"footnotes":""},"categories":[1,6],"tags":[],"class_list":["post-14733","post","type-post","status-publish","format-standard","hentry","category-tagebuch","category-supernatural"],"_links":{"self":[{"href":"https:\/\/sajec.de\/blog\/wp-json\/wp\/v2\/posts\/14733","targetHints":{"allow":["GET"]}}],"collection":[{"href":"https:\/\/sajec.de\/blog\/wp-json\/wp\/v2\/posts"}],"about":[{"href":"https:\/\/sajec.de\/blog\/wp-json\/wp\/v2\/types\/post"}],"author":[{"embeddable":true,"href":"https:\/\/sajec.de\/blog\/wp-json\/wp\/v2\/users\/2"}],"replies":[{"embeddable":true,"href":"https:\/\/sajec.de\/blog\/wp-json\/wp\/v2\/comments?post=14733"}],"version-history":[{"count":1,"href":"https:\/\/sajec.de\/blog\/wp-json\/wp\/v2\/posts\/14733\/revisions"}],"predecessor-version":[{"id":14734,"href":"https:\/\/sajec.de\/blog\/wp-json\/wp\/v2\/posts\/14733\/revisions\/14734"}],"wp:attachment":[{"href":"https:\/\/sajec.de\/blog\/wp-json\/wp\/v2\/media?parent=14733"}],"wp:term":[{"taxonomy":"category","embeddable":true,"href":"https:\/\/sajec.de\/blog\/wp-json\/wp\/v2\/categories?post=14733"},{"taxonomy":"post_tag","embeddable":true,"href":"https:\/\/sajec.de\/blog\/wp-json\/wp\/v2\/tags?post=14733"}],"curies":[{"name":"wp","href":"https:\/\/api.w.org\/{rel}","templated":true}]}}