{"id":14803,"date":"2015-12-03T20:03:43","date_gmt":"2015-12-03T19:03:43","guid":{"rendered":"http:\/\/sajec.de\/blog\/?p=14803"},"modified":"2015-12-03T20:03:56","modified_gmt":"2015-12-03T19:03:56","slug":"just-my-imagination-2","status":"publish","type":"post","link":"https:\/\/sajec.de\/blog\/just-my-imagination-2\/","title":{"rendered":"Just My Imagination"},"content":{"rendered":"<p><img loading=\"lazy\" decoding=\"async\" class=\"alignnone size-full wp-image-14804\" src=\"http:\/\/sajec.de\/blog\/wp-content\/uploads\/2015\/12\/11-08.jpg\" alt=\"11-08\" width=\"850\" height=\"475\" srcset=\"https:\/\/sajec.de\/blog\/wp-content\/uploads\/2015\/12\/11-08.jpg 850w, https:\/\/sajec.de\/blog\/wp-content\/uploads\/2015\/12\/11-08-300x168.jpg 300w\" sizes=\"auto, (max-width: 850px) 100vw, 850px\" \/><\/p>\n<ul>\n<li>Ja, ich liebe diese Folge.<\/li>\n<li>Nein, ich denke nicht, dass man SAM vorwerfen kann, Sully als imagin\u00e4ren Freund gehabt zu haben, wenn doch DEAN da war. Er war eben nicht immer da. Weil er nicht immer da sein konnte, weil JOHN ihm noch weniger Kindheit lie\u00df.<\/li>\n<li>Nein, ich glaube nicht, dass DEAN verletzt ist, dass es Sully war, dem sich SAM anvertraute. Vielleicht war er es zu Beginn, ein wenig; aber not at all. Am Ende ist DEAN dankbar, dass jemand f\u00fcr SAM da war, als er es nicht konnte.<\/li>\n<li>Und ja, Sully hat Recht &#8211; DEAN hat dann gut auf SAM aufgepasst, als SAM beschloss, Sully nicht mehr zu brauchen.<\/li>\n<li>Zu guter Letzt: Ich will nicht, dass SAM zur\u00fcck in den Cage muss. Ich will es einfach nicht, auch wenn er sich nach dieser Folge damit abzufinden scheint. Und wenn &#8211; wer sagt \u00fcberhaupt, dass SAM diesen Weg alleine gehe muss?<\/li>\n<\/ul>\n<p style=\"padding-left: 30px;\"><strong>Together<\/strong> they will face the Darkness!<\/p>\n<p style=\"padding-left: 30px;\">Ich bin sicher, dass DEAN alles f\u00fcr SAM tun w\u00fcrde, auch mit ihm in den Cage zur\u00fcck gehen! Und ich verstehe, warum SAM ihn darum auf keinen Fall bitten kann! Erinnert ihr euch nicht der Tr\u00e4nen, als DEAN von seinen eigenen Erfahrungen in der H\u00f6lle berichtete? Habt ihr da nicht geweint? W\u00fcrdet ihr dann jemanden, den ihr liebt, bitten k\u00f6nnen, f\u00fcr euch noch einmal dorthin zur\u00fcckzukehren?<\/p>\n<p style=\"padding-left: 30px;\">Und doch sieht es nach der Vorschau f\u00fcr das kommende Midseason-Finale genau danach aus &#8230; Lucifer is back &#8230;. und ich habe jetzt schon Angst um das Seelenheil der geliebten Winchester Bros.<\/p>\n","protected":false},"excerpt":{"rendered":"<p>Ja, ich liebe diese Folge. Nein, ich denke nicht, dass man SAM vorwerfen kann, Sully als imagin\u00e4ren Freund gehabt zu haben, wenn doch DEAN da war. Er war eben nicht immer da. Weil er nicht immer da sein konnte, weil &hellip; <a href=\"https:\/\/sajec.de\/blog\/just-my-imagination-2\/\">Weiterlesen <span class=\"meta-nav\">&rarr;<\/span><\/a><\/p>\n","protected":false},"author":2,"featured_media":0,"comment_status":"open","ping_status":"open","sticky":false,"template":"","format":"standard","meta":{"ngg_post_thumbnail":0,"footnotes":""},"categories":[6],"tags":[],"class_list":["post-14803","post","type-post","status-publish","format-standard","hentry","category-supernatural"],"_links":{"self":[{"href":"https:\/\/sajec.de\/blog\/wp-json\/wp\/v2\/posts\/14803","targetHints":{"allow":["GET"]}}],"collection":[{"href":"https:\/\/sajec.de\/blog\/wp-json\/wp\/v2\/posts"}],"about":[{"href":"https:\/\/sajec.de\/blog\/wp-json\/wp\/v2\/types\/post"}],"author":[{"embeddable":true,"href":"https:\/\/sajec.de\/blog\/wp-json\/wp\/v2\/users\/2"}],"replies":[{"embeddable":true,"href":"https:\/\/sajec.de\/blog\/wp-json\/wp\/v2\/comments?post=14803"}],"version-history":[{"count":1,"href":"https:\/\/sajec.de\/blog\/wp-json\/wp\/v2\/posts\/14803\/revisions"}],"predecessor-version":[{"id":14805,"href":"https:\/\/sajec.de\/blog\/wp-json\/wp\/v2\/posts\/14803\/revisions\/14805"}],"wp:attachment":[{"href":"https:\/\/sajec.de\/blog\/wp-json\/wp\/v2\/media?parent=14803"}],"wp:term":[{"taxonomy":"category","embeddable":true,"href":"https:\/\/sajec.de\/blog\/wp-json\/wp\/v2\/categories?post=14803"},{"taxonomy":"post_tag","embeddable":true,"href":"https:\/\/sajec.de\/blog\/wp-json\/wp\/v2\/tags?post=14803"}],"curies":[{"name":"wp","href":"https:\/\/api.w.org\/{rel}","templated":true}]}}