{"id":14843,"date":"2016-01-13T08:04:00","date_gmt":"2016-01-13T07:04:00","guid":{"rendered":"http:\/\/sajec.de\/blog\/?p=14843"},"modified":"2016-01-13T08:04:00","modified_gmt":"2016-01-13T07:04:00","slug":"when-did-my-sense-go-missing","status":"publish","type":"post","link":"https:\/\/sajec.de\/blog\/when-did-my-sense-go-missing\/","title":{"rendered":"When did my sense go missing?"},"content":{"rendered":"<p>Nein, ich habe den Blog nicht vergessen, aber ignoriert. Wie so vieles in den letzten Tagen.<br \/>\nIch stecke fest! In einer anderen Welt, in einem anderen Universum, und ich kann es nicht verlassen, will es nicht verlassen &#8230; und langsam macht es mich wahnsinnig! Ich bekomme RL und Universum nicht mehr wirklich auseinander! Es ist mein erster Gedanke morgens und der letzte sp\u00e4t abends, wenn ich wieder zu lange gelesen habe und mein Verstand mich anblafft, dass es nun wieder nur 4 Stunden sind, bis ich ins B\u00fcro aufbrechen muss. In den B\u00fcros selbst kann ich mich kaum konzentrieren und muss mich zusammenrei\u00dfen, nicht einfach heimlich zu lesen &#8211; was ich dann trotzdem ab und zu tu. Wenn ich dann endlich nach Hause fahren kann, ertappe ich mich dabei, dass es mir nicht schnell genug gehen kann. Es war wohl bisher Gl\u00fcck, dass ich in keine Blitzerfalle kam.<br \/>\nEssen? Auch so ein Thema. Ich habe keinen Hunger, zwinge mir mittags mein Gem\u00fcse + K\u00f6rnerk\u00e4se + Apfel herunter und das wars. Mehr krieg ich nicht hin. Was sich auf der Waage bemerkbar macht.<br \/>\nJa! Ich war tats\u00e4chlich auf der Waage! Es war ein wenig erschreckend, aber nicht unvermutet. In den letzten 1,5 Wochen habe ich bereits 3 kg verloren &#8211; was kein Wunder ist, wenn man meinen derzeitigen Lebensstil betrachtet: S\u00fcchtig nach dem Universum.<\/p>\n<p>Immerhin war ich letzte Woche wieder auf dem Ergometer und heute geht es in die Schwimmhalle. Ich w\u00fcnschte nur, ich k\u00f6nnte auch dort lesen.<\/p>\n<p>Es ist jetzt noch eine Woche bis zur neuen Folge; Twitter wird gerade geflutet mit Promo Pics, die mir das Herz herausrei\u00dfen &#8211; jetzt schon! Es ist alles irgendwie viel schlimmer mit mir, als zu Beginn dieser #supernatural-Reise.<\/p>\n","protected":false},"excerpt":{"rendered":"<p>Nein, ich habe den Blog nicht vergessen, aber ignoriert. Wie so vieles in den letzten Tagen. Ich stecke fest! In einer anderen Welt, in einem anderen Universum, und ich kann es nicht verlassen, will es nicht verlassen &#8230; und langsam &hellip; <a href=\"https:\/\/sajec.de\/blog\/when-did-my-sense-go-missing\/\">Weiterlesen <span class=\"meta-nav\">&rarr;<\/span><\/a><\/p>\n","protected":false},"author":2,"featured_media":0,"comment_status":"open","ping_status":"open","sticky":false,"template":"","format":"standard","meta":{"ngg_post_thumbnail":0,"footnotes":""},"categories":[1],"tags":[],"class_list":["post-14843","post","type-post","status-publish","format-standard","hentry","category-tagebuch"],"_links":{"self":[{"href":"https:\/\/sajec.de\/blog\/wp-json\/wp\/v2\/posts\/14843","targetHints":{"allow":["GET"]}}],"collection":[{"href":"https:\/\/sajec.de\/blog\/wp-json\/wp\/v2\/posts"}],"about":[{"href":"https:\/\/sajec.de\/blog\/wp-json\/wp\/v2\/types\/post"}],"author":[{"embeddable":true,"href":"https:\/\/sajec.de\/blog\/wp-json\/wp\/v2\/users\/2"}],"replies":[{"embeddable":true,"href":"https:\/\/sajec.de\/blog\/wp-json\/wp\/v2\/comments?post=14843"}],"version-history":[{"count":1,"href":"https:\/\/sajec.de\/blog\/wp-json\/wp\/v2\/posts\/14843\/revisions"}],"predecessor-version":[{"id":14844,"href":"https:\/\/sajec.de\/blog\/wp-json\/wp\/v2\/posts\/14843\/revisions\/14844"}],"wp:attachment":[{"href":"https:\/\/sajec.de\/blog\/wp-json\/wp\/v2\/media?parent=14843"}],"wp:term":[{"taxonomy":"category","embeddable":true,"href":"https:\/\/sajec.de\/blog\/wp-json\/wp\/v2\/categories?post=14843"},{"taxonomy":"post_tag","embeddable":true,"href":"https:\/\/sajec.de\/blog\/wp-json\/wp\/v2\/tags?post=14843"}],"curies":[{"name":"wp","href":"https:\/\/api.w.org\/{rel}","templated":true}]}}