{"id":14925,"date":"2016-05-02T16:25:06","date_gmt":"2016-05-02T14:25:06","guid":{"rendered":"http:\/\/sajec.de\/blog\/?p=14925"},"modified":"2016-05-02T16:25:39","modified_gmt":"2016-05-02T14:25:39","slug":"komm-lieber-mai","status":"publish","type":"post","link":"https:\/\/sajec.de\/blog\/komm-lieber-mai\/","title":{"rendered":"Komm lieber Mai &#8230;"},"content":{"rendered":"<p>Es ist bereits Mai, und der Blog \u2026 nunja, es war schon mal lebendiger hier. Ich kann aber nicht versprechen, dass es besser werden wird in n\u00e4chster Zukunft. Weil \u2026 well \u2026 das Universum, you know? Nat\u00fcrlich wisst ihr, wenn ihr hier lest. Oder lest ihr schon gar nicht mehr? Und wer seid ihr? M\u00f6glicherweise liest ja so gar niemand, oder nur selten und \u00fcberhaupt \u2026 was gibt es hier schon Lesenswertes? \u00dcber das Universum muss ich mich ja ausschweigen, aus Gr\u00fcnden, \u00fcber die ich auch schweigen muss. J Sorry.<\/p>\n<p>Aber es geht mir gut. Es ist eine Art Lese-Di\u00e4t, die ich gerade (eher unfreiwillig) absolviere. Die Geschichten nehmen mich derma\u00dfen in Anspruch, dass ich es oft vergesse, zu essen \u2026 oder zu schlafen \u2026 oder zu duschen. Das Ergebnis? Pl\u00f6tzlich passen T-Shirts, die noch nie richtig gepasst haben. Auf die Waage traue ich mich trotzdem nicht. *lach* Da bin ich immer noch ein Schisshase. Aber ich f\u00fchle mich gut, und es ist erstaunlich, mit wie wenig Schlaf ich auskommen kann, wenn ich will. Und ich will oft.<\/p>\n<p>Anderseits bleibt vieles auf der Strecke, wenn ich mich in das geliebte Universum zur\u00fcckziehe und Zeit vergesse: Die Blumen schreien nach Wasser. Der Tatort muss seit Monaten ohne mich auskommen, G\u00fcnther\u2019s Krawatte wird ignoriert. Sobald ich Gelegenheit habe, ist das KINDLE mein Begleiter, mein Entf\u00fchrer. Die Canon-Kamera st\u00f6hnt, das vorgenommene Sportprogramm sowie das Drateselchen stauben vor sich hin, die Schwimmhalle habe ich seit Monaten nicht mehr betreten &#8211; aber es geht ja auch ohne das alles. Doch, ich f\u00fchle mich gut. Meistens. Ich merke, dass mich die Geschichten beeinflussen: Sind sie happy, bin ich es auch; sind sie voller Tr\u00e4nen und Schmerz und Drama (bevor das erforderliche Happy End eintritt), bekomme ich kaum etwas im eigenen Leben geregelt. Alles dreht sich um die Geschichten, um Gef\u00fchle und ich f\u00fchle \u2026 es ist schwer zu erkl\u00e4ren, ohne das Geheimnis zu verraten \u2026<\/p>\n<p>Und dann ist da nat\u00fcrlich noch immer (und das wird sich auch nicht \u00e4ndern) <strong>supernatural<\/strong>. Always and for ever! Und hey &#8230; es ist Mai, Convention-Monat. In wenigen Wochen werde ich in Rom sein, und ich werde Fotos machen und starren und sterben und beten und hoffen, dass J2 mir nicht in den Kopf schauen k\u00f6nnen, oder ich rot anlaufe, weil ich denke: Sie wissen! Ich werde Freunde treffen und neue Freunde kennenlernen, die Bar und das Flughafen-McD unsicher machen, eine gute Zeit haben, Party, Quatschen, herumalbern, kleine neckische Rollband-Videos im Flughafen drehen, Rom erobern, als w\u00e4re ich R\u00f6merin \u2026 ich freue mich einfach. Und ich bin voller Leben, wenn die Geschichten voller Leben sind \u2026 bis mich die Serie und das Staffelfinale der 11. killen werden. Wie jedes Jahr zum Staffelfinale.<\/p>\n","protected":false},"excerpt":{"rendered":"<p>Es ist bereits Mai, und der Blog \u2026 nunja, es war schon mal lebendiger hier. Ich kann aber nicht versprechen, dass es besser werden wird in n\u00e4chster Zukunft. Weil \u2026 well \u2026 das Universum, you know? Nat\u00fcrlich wisst ihr, wenn &hellip; <a href=\"https:\/\/sajec.de\/blog\/komm-lieber-mai\/\">Weiterlesen <span class=\"meta-nav\">&rarr;<\/span><\/a><\/p>\n","protected":false},"author":2,"featured_media":0,"comment_status":"open","ping_status":"open","sticky":false,"template":"","format":"standard","meta":{"ngg_post_thumbnail":0,"footnotes":""},"categories":[1],"tags":[],"class_list":["post-14925","post","type-post","status-publish","format-standard","hentry","category-tagebuch"],"_links":{"self":[{"href":"https:\/\/sajec.de\/blog\/wp-json\/wp\/v2\/posts\/14925","targetHints":{"allow":["GET"]}}],"collection":[{"href":"https:\/\/sajec.de\/blog\/wp-json\/wp\/v2\/posts"}],"about":[{"href":"https:\/\/sajec.de\/blog\/wp-json\/wp\/v2\/types\/post"}],"author":[{"embeddable":true,"href":"https:\/\/sajec.de\/blog\/wp-json\/wp\/v2\/users\/2"}],"replies":[{"embeddable":true,"href":"https:\/\/sajec.de\/blog\/wp-json\/wp\/v2\/comments?post=14925"}],"version-history":[{"count":2,"href":"https:\/\/sajec.de\/blog\/wp-json\/wp\/v2\/posts\/14925\/revisions"}],"predecessor-version":[{"id":14927,"href":"https:\/\/sajec.de\/blog\/wp-json\/wp\/v2\/posts\/14925\/revisions\/14927"}],"wp:attachment":[{"href":"https:\/\/sajec.de\/blog\/wp-json\/wp\/v2\/media?parent=14925"}],"wp:term":[{"taxonomy":"category","embeddable":true,"href":"https:\/\/sajec.de\/blog\/wp-json\/wp\/v2\/categories?post=14925"},{"taxonomy":"post_tag","embeddable":true,"href":"https:\/\/sajec.de\/blog\/wp-json\/wp\/v2\/tags?post=14925"}],"curies":[{"name":"wp","href":"https:\/\/api.w.org\/{rel}","templated":true}]}}