{"id":15028,"date":"2016-08-13T08:44:39","date_gmt":"2016-08-13T06:44:39","guid":{"rendered":"http:\/\/sajec.de\/blog\/?p=15028"},"modified":"2016-08-13T08:47:22","modified_gmt":"2016-08-13T06:47:22","slug":"das-war-der-urlaub-2016","status":"publish","type":"post","link":"https:\/\/sajec.de\/blog\/das-war-der-urlaub-2016\/","title":{"rendered":"Das war der Urlaub 2016"},"content":{"rendered":"<p>Ich ahnte es ja, dass er schneller vorbei sein w\u00fcrde, als es mir lieb sein k\u00f6nnte. Und nun bleibt mir nur noch das Wochenende, bevor der B\u00fcroalltag mich wieder schnappt am kommenden\u00a0Montag.<br \/>\nAber ich habe jeden Tag der letzten 2 Wochen genossen, sei es nun mit (und besonders wegen) den Geschichten aus einem anderen Universum, das Twitter-Ausflippen, als J&amp;D ihre Twins-Expecting bekannt gaben (mit dem s\u00fc\u00dfesten Instagram-Picture aller Zeiten!). Und besonders meine Zeit in LEV, bei H\u00fchnchen &amp; Kids. Das habe ich wirklich mal gebraucht &#8211; raus aus meiner Dachgeschosswohnung, und mir den Kopf so verdrehen lassen, dass ich kaum an FanFics dachte, mit Gesichtsbroten und Zwergenm\u00fctzen, die ih fast gefunden h\u00e4tte. Na gut &#8230; wir haben auch geweint, also ich zumindest, aber kann man mir das vorhalten? Immerhin habe ich nun HONIG IM KOPF gesehen, und wer bei diesem Film nicht ein bisschen weinen muss, der ist vermutlich innerlich ein Eiszapfen. Aber es ist gut, wenn man nicht alleine in sein GrapefruitWeizenBier oder in das Holunderbier schluchzen muss.<br \/>\nDie Heimfahrt gestern von LEV back home war dann ziemlich mit Staus durchwachsen, so dass ich knapp 2 Stunden l\u00e4nger brauchte, aber ich habe es ohne besondere Vorkommnisse geschafft, mir den D\u00f6ner gebastelt, den es dann zum Abendbrot gab und bin ins Bett gefallen. Morgens um 4 war ich dann wach &#8211; und ich meine wach! Was vielleicht gar nicht so schlecht ist, denn langsam sollte ich meinen Biorhythmus wieder an b\u00fcrotaugliche\u00a0Zeiten heranf\u00fchren.<\/p>\n<p>Das war er also der Urlaub, mit Mazda-Heilemachaktion und au\u00dferplanm\u00e4\u00dfigem\u00a0Zahnarztstuhlbesuch. Doch, er war erholsam; und ich w\u00fcrde l\u00fcgen, wenn ich nicht zugeben k\u00f6nnte, dass ich mich auch wenig bereits wieder auf B\u00fcros, Kollegen, Chefs, Akten und Synopsen freuen w\u00fcrde. Und das ist gut so.<\/p>\n","protected":false},"excerpt":{"rendered":"<p>Ich ahnte es ja, dass er schneller vorbei sein w\u00fcrde, als es mir lieb sein k\u00f6nnte. Und nun bleibt mir nur noch das Wochenende, bevor der B\u00fcroalltag mich wieder schnappt am kommenden\u00a0Montag. Aber ich habe jeden Tag der letzten 2 &hellip; <a href=\"https:\/\/sajec.de\/blog\/das-war-der-urlaub-2016\/\">Weiterlesen <span class=\"meta-nav\">&rarr;<\/span><\/a><\/p>\n","protected":false},"author":2,"featured_media":0,"comment_status":"open","ping_status":"open","sticky":false,"template":"","format":"standard","meta":{"ngg_post_thumbnail":0,"footnotes":""},"categories":[1],"tags":[],"class_list":["post-15028","post","type-post","status-publish","format-standard","hentry","category-tagebuch"],"_links":{"self":[{"href":"https:\/\/sajec.de\/blog\/wp-json\/wp\/v2\/posts\/15028","targetHints":{"allow":["GET"]}}],"collection":[{"href":"https:\/\/sajec.de\/blog\/wp-json\/wp\/v2\/posts"}],"about":[{"href":"https:\/\/sajec.de\/blog\/wp-json\/wp\/v2\/types\/post"}],"author":[{"embeddable":true,"href":"https:\/\/sajec.de\/blog\/wp-json\/wp\/v2\/users\/2"}],"replies":[{"embeddable":true,"href":"https:\/\/sajec.de\/blog\/wp-json\/wp\/v2\/comments?post=15028"}],"version-history":[{"count":3,"href":"https:\/\/sajec.de\/blog\/wp-json\/wp\/v2\/posts\/15028\/revisions"}],"predecessor-version":[{"id":15031,"href":"https:\/\/sajec.de\/blog\/wp-json\/wp\/v2\/posts\/15028\/revisions\/15031"}],"wp:attachment":[{"href":"https:\/\/sajec.de\/blog\/wp-json\/wp\/v2\/media?parent=15028"}],"wp:term":[{"taxonomy":"category","embeddable":true,"href":"https:\/\/sajec.de\/blog\/wp-json\/wp\/v2\/categories?post=15028"},{"taxonomy":"post_tag","embeddable":true,"href":"https:\/\/sajec.de\/blog\/wp-json\/wp\/v2\/tags?post=15028"}],"curies":[{"name":"wp","href":"https:\/\/api.w.org\/{rel}","templated":true}]}}