{"id":15044,"date":"2016-08-30T10:57:44","date_gmt":"2016-08-30T08:57:44","guid":{"rendered":"http:\/\/sajec.de\/blog\/?p=15044"},"modified":"2016-08-30T11:02:05","modified_gmt":"2016-08-30T09:02:05","slug":"der-haarunfall","status":"publish","type":"post","link":"https:\/\/sajec.de\/blog\/der-haarunfall\/","title":{"rendered":"Der Haarunfall"},"content":{"rendered":"<p>Letzten Samstag beim Friseur:<\/p>\n<p>&#8222;Die Haare m\u00fcssen ab, das Gezottel ist nicht mehr zu ertragen. Ansonsten soll alles bitte so bleiben, wie es ist, nur wieder neue Farbe und Str\u00e4hnchen und abgestufter und eben k\u00fcrzer!&#8220; sprach ich, setzte die Brille ab, schnappte mir mein immer gegenw\u00e4rtiges KINDLE und lie\u00df gew\u00e4hren. So schwer kann das ja nicht sein.<\/p>\n<p>Nach knapp 2 Stunden &#8211; J\u00b2 hatten ihre Sachen geregelt und flogen ab in ihre Flitterwochen &#8211; wurde mir der Spiegel vorgehalten; und es blickte mir<\/p>\n<p><strong>Atze Schr\u00f6der&#8217;s Mutter<\/strong><br \/>\n<strong>mit verdammten Locken entgegen! *kreisch*<\/strong><\/p>\n<p>Die Haare waren kurz! KURZ! Also richtig K.U.R.Z! Wie ab! Sie sind immer noch kurz. Und ich muss mich erst daran gew\u00f6hnen.<br \/>\nZu Hause erst mal unter die Dusche gekrabbelt, um die Locken wegzuexorzieren.<\/p>\n<p>Mittlerweile habe ich mich schon etwas an die neue Frisur gew\u00f6hnt, auch wenn ich nach dem Aufstehen aussehe, wie ein Igel-Monster und ich st\u00e4ndig gefragt werde: War das gewollt? *seufz*<\/p>\n","protected":false},"excerpt":{"rendered":"<p>Letzten Samstag beim Friseur: &#8222;Die Haare m\u00fcssen ab, das Gezottel ist nicht mehr zu ertragen. Ansonsten soll alles bitte so bleiben, wie es ist, nur wieder neue Farbe und Str\u00e4hnchen und abgestufter und eben k\u00fcrzer!&#8220; sprach ich, setzte die Brille &hellip; <a href=\"https:\/\/sajec.de\/blog\/der-haarunfall\/\">Weiterlesen <span class=\"meta-nav\">&rarr;<\/span><\/a><\/p>\n","protected":false},"author":2,"featured_media":0,"comment_status":"open","ping_status":"open","sticky":false,"template":"","format":"standard","meta":{"ngg_post_thumbnail":0,"footnotes":""},"categories":[1],"tags":[],"class_list":["post-15044","post","type-post","status-publish","format-standard","hentry","category-tagebuch"],"_links":{"self":[{"href":"https:\/\/sajec.de\/blog\/wp-json\/wp\/v2\/posts\/15044","targetHints":{"allow":["GET"]}}],"collection":[{"href":"https:\/\/sajec.de\/blog\/wp-json\/wp\/v2\/posts"}],"about":[{"href":"https:\/\/sajec.de\/blog\/wp-json\/wp\/v2\/types\/post"}],"author":[{"embeddable":true,"href":"https:\/\/sajec.de\/blog\/wp-json\/wp\/v2\/users\/2"}],"replies":[{"embeddable":true,"href":"https:\/\/sajec.de\/blog\/wp-json\/wp\/v2\/comments?post=15044"}],"version-history":[{"count":4,"href":"https:\/\/sajec.de\/blog\/wp-json\/wp\/v2\/posts\/15044\/revisions"}],"predecessor-version":[{"id":15048,"href":"https:\/\/sajec.de\/blog\/wp-json\/wp\/v2\/posts\/15044\/revisions\/15048"}],"wp:attachment":[{"href":"https:\/\/sajec.de\/blog\/wp-json\/wp\/v2\/media?parent=15044"}],"wp:term":[{"taxonomy":"category","embeddable":true,"href":"https:\/\/sajec.de\/blog\/wp-json\/wp\/v2\/categories?post=15044"},{"taxonomy":"post_tag","embeddable":true,"href":"https:\/\/sajec.de\/blog\/wp-json\/wp\/v2\/tags?post=15044"}],"curies":[{"name":"wp","href":"https:\/\/api.w.org\/{rel}","templated":true}]}}