{"id":15057,"date":"2016-09-19T10:42:21","date_gmt":"2016-09-19T08:42:21","guid":{"rendered":"http:\/\/sajec.de\/blog\/?p=15057"},"modified":"2016-09-19T10:42:21","modified_gmt":"2016-09-19T08:42:21","slug":"yes-i-am-crazy-and-mondays-suck","status":"publish","type":"post","link":"https:\/\/sajec.de\/blog\/yes-i-am-crazy-and-mondays-suck\/","title":{"rendered":"Yes, I am crazy! And Monday&#8217;s suck!"},"content":{"rendered":"<p>Es tut weh. Es tut verdammt weh, wann immer ich nicht im \u201eanderen Universum\u201c sein kann, und an diesem Montag ist es besonders schlimm. Ein ganzes tolles WE in den verschiedensten Stories verlebt, gelitten, gelacht, gebangt und aufgeatmet, wenn endlich endlich das Happy End da war \u2013 und jetzt ist Montag, und ich f\u00fchle mich ausgelaugt und kaputt und abgeschnitten von dem einzigen Platz, wo ich f\u00fchlen kann.<\/p>\n<p>Wenn das irgendeinen Sinn macht \u2013 f\u00fcr mich tut es das. Und es tut weh. In meinem Kopf dreht sich alles um J2, supernatural, und mehr J2 AU; und ich kann an nichts anderes mehr denken, nichts anderes mehr f\u00fchlen, will es nicht, kann es nicht, und wenn man mich abschneidet von dem Universum, um so Zeugs wie Akten zu schubsen und Synopsen zu tippen zu erledigen, um die verflixten Hawaii-Flug-Tickets zu erwirtschaften, dann tut es eben einfach jede Sekunde weh, die ich nicht in meinem Universum sein kann.<\/p>\n<p>Dann sehe ich Tweets von der letzten CON, wie Fans bei Photo-OPs geschubst und gezogen wurden, so dass sich Jensen gen\u00f6tigt sah, sich f\u00fcr die Unh\u00f6flichkeit der Veranstalter zu entschuldigen, dann m\u00f6chte ich im Kreis springen und schreien und ihn in den Arm nehmen, denn es ist nicht seine Schuld, und er sollte sich nicht f\u00fcr etwas entschuldigen, woran er nicht den Hauch einer Schuld tr\u00e4gt. Er sollte eine gute Zeit haben, die Fans sollten eine gute Zeit haben, denn es sind Erinnerungen und Gelegenheiten wie diese, die sich einbrennen werden in das Ged\u00e4chtnis, von denen man zerrt, an so furchtbaren Montagen wie diesem, in B\u00fcros, wo das Telefon st\u00e4ndig bimmelt, immer irgendjemand was von einem will und man nicht genug Kaffee bekommt, um irgendwie den Eindruck zu erwecken, halbwegs wach zu sein. Wo man gedanklich zur\u00fcckkehrt zu dem Vampir, der den Jungen so sehr liebte, dass man weinen musste, st\u00e4ndig und immer, bis zum Ende; und danach eine lustige Story \u00fcber \u00a0Happy Little Trees brauchte, die mich so sehr zum Lachen brachte, dass die Nachbarn sicherlich dachten, dass ich nun v\u00f6llig durchdrehe. Und so weit entfernt sind sie damit mit der Wahrheit vermutlich nicht. Am I crazy? Yes, I am \u2026<\/p>\n","protected":false},"excerpt":{"rendered":"<p>Es tut weh. Es tut verdammt weh, wann immer ich nicht im \u201eanderen Universum\u201c sein kann, und an diesem Montag ist es besonders schlimm. Ein ganzes tolles WE in den verschiedensten Stories verlebt, gelitten, gelacht, gebangt und aufgeatmet, wenn endlich &hellip; <a href=\"https:\/\/sajec.de\/blog\/yes-i-am-crazy-and-mondays-suck\/\">Weiterlesen <span class=\"meta-nav\">&rarr;<\/span><\/a><\/p>\n","protected":false},"author":2,"featured_media":0,"comment_status":"open","ping_status":"open","sticky":false,"template":"","format":"standard","meta":{"ngg_post_thumbnail":0,"footnotes":""},"categories":[1],"tags":[],"class_list":["post-15057","post","type-post","status-publish","format-standard","hentry","category-tagebuch"],"_links":{"self":[{"href":"https:\/\/sajec.de\/blog\/wp-json\/wp\/v2\/posts\/15057","targetHints":{"allow":["GET"]}}],"collection":[{"href":"https:\/\/sajec.de\/blog\/wp-json\/wp\/v2\/posts"}],"about":[{"href":"https:\/\/sajec.de\/blog\/wp-json\/wp\/v2\/types\/post"}],"author":[{"embeddable":true,"href":"https:\/\/sajec.de\/blog\/wp-json\/wp\/v2\/users\/2"}],"replies":[{"embeddable":true,"href":"https:\/\/sajec.de\/blog\/wp-json\/wp\/v2\/comments?post=15057"}],"version-history":[{"count":1,"href":"https:\/\/sajec.de\/blog\/wp-json\/wp\/v2\/posts\/15057\/revisions"}],"predecessor-version":[{"id":15058,"href":"https:\/\/sajec.de\/blog\/wp-json\/wp\/v2\/posts\/15057\/revisions\/15058"}],"wp:attachment":[{"href":"https:\/\/sajec.de\/blog\/wp-json\/wp\/v2\/media?parent=15057"}],"wp:term":[{"taxonomy":"category","embeddable":true,"href":"https:\/\/sajec.de\/blog\/wp-json\/wp\/v2\/categories?post=15057"},{"taxonomy":"post_tag","embeddable":true,"href":"https:\/\/sajec.de\/blog\/wp-json\/wp\/v2\/tags?post=15057"}],"curies":[{"name":"wp","href":"https:\/\/api.w.org\/{rel}","templated":true}]}}