{"id":15060,"date":"2016-09-28T13:58:07","date_gmt":"2016-09-28T11:58:07","guid":{"rendered":"http:\/\/sajec.de\/blog\/?p=15060"},"modified":"2016-10-02T19:27:38","modified_gmt":"2016-10-02T17:27:38","slug":"roonkarker-mart","status":"publish","type":"post","link":"https:\/\/sajec.de\/blog\/roonkarker-mart\/","title":{"rendered":"Roonkarker Mart"},"content":{"rendered":"<p>Wenn man am Mittwoch einen Kater hat, oder sich zumindest bereits den ganzen Tag (und das mitten in der Woche!) so f\u00fchlt, als h\u00e4tte man einen Kater, obwohl man am Abend zuvor nichts au\u00dfer Colazeugs und Wasser getrunken hat &#8230; also wenn man dann trotzdem am n\u00e4chsten Tag einen Kater hat, dann war man (in dem Fall ich) am Vorabend &#8211; wie \u00fcblich &#8211; mit den Kanzlei-Kollegen &amp; Chefs auf dem Roonkarker Mart, hat sich durch Fressbuden und den Schinderhannes<strong>*<\/strong> gefuttert, am Bier festgeklammert (was wie erw\u00e4hnt in meinem Fall nat\u00fcrlich kein Bier war), wurde zu einigen Karussell-Fahrten \u00fcberredet und hat nach dem Feuerwerk erfolglos Gummifr\u00f6sche versucht in Blument\u00f6pfe zu deppern. Kurz: Man hatte Spa\u00df, auch wenn ich dieses Jahr bereits das erste Karussell kaum \u00fcberlebt habe! <strong>Hip Hop Jumper!<\/strong> Wer zum Kuckuck kam auf die bescheuerte Idee, dass ich da rein m\u00fcsste? Ich war drin, und ich bangte um mein Leben, festgeklammert an die einzige Festklammerm\u00f6glichkeit, die dieses harmlos aussehende d\u00e4monische Fahrgesch\u00e4ft zu bieten hatte &#8211; das Randgel\u00e4nder hinter der Sitzbank! 5 oder 6 Minuten &#8211; die sich anf\u00fchlten, als w\u00e4ren sie ewig! &#8211; kreischte ich um mein Leben und hatte das Gel\u00e4nder sehr SEHR lieb. Ich \u00fcberlebt, der gigantische blaue Fleck am linken Oberarm wird mich wohl noch ein paar Tage an diese Fahrt erinnern. <strong>Ich bin schlicht zu alt f\u00fcr diesen Schei\u00df! <\/strong>Danach war mir schlecht, aber das ist nat\u00fcrlich kein Grund, den Spa\u00df zu beenden. Also weiter im Programm &#8230; den BreakDancer lie\u00df ich aber dieses Jahr wirklich ausfallen! No way &#8211; oder das ganze sch\u00f6ne Schinderhannes-Steak h\u00e4tte ein unliebsames Wiederaufstehungsfest gefeiert.<\/p>\n<p><strong>*<\/strong> Tja, der Schinderhannes, der, mit dem k\u00f6stlichsten (und schei\u00dfe teuer) \u00fcber&#8217;n Schwenkgrill gegrillten Steak, ist heute morgen dann vor meinem B\u00fcrofenster leider abgebrannt.<\/p>\n","protected":false},"excerpt":{"rendered":"<p>Wenn man am Mittwoch einen Kater hat, oder sich zumindest bereits den ganzen Tag (und das mitten in der Woche!) so f\u00fchlt, als h\u00e4tte man einen Kater, obwohl man am Abend zuvor nichts au\u00dfer Colazeugs und Wasser getrunken hat &#8230; &hellip; <a href=\"https:\/\/sajec.de\/blog\/roonkarker-mart\/\">Weiterlesen <span class=\"meta-nav\">&rarr;<\/span><\/a><\/p>\n","protected":false},"author":2,"featured_media":0,"comment_status":"open","ping_status":"open","sticky":false,"template":"","format":"standard","meta":{"ngg_post_thumbnail":0,"footnotes":""},"categories":[1],"tags":[],"class_list":["post-15060","post","type-post","status-publish","format-standard","hentry","category-tagebuch"],"_links":{"self":[{"href":"https:\/\/sajec.de\/blog\/wp-json\/wp\/v2\/posts\/15060","targetHints":{"allow":["GET"]}}],"collection":[{"href":"https:\/\/sajec.de\/blog\/wp-json\/wp\/v2\/posts"}],"about":[{"href":"https:\/\/sajec.de\/blog\/wp-json\/wp\/v2\/types\/post"}],"author":[{"embeddable":true,"href":"https:\/\/sajec.de\/blog\/wp-json\/wp\/v2\/users\/2"}],"replies":[{"embeddable":true,"href":"https:\/\/sajec.de\/blog\/wp-json\/wp\/v2\/comments?post=15060"}],"version-history":[{"count":4,"href":"https:\/\/sajec.de\/blog\/wp-json\/wp\/v2\/posts\/15060\/revisions"}],"predecessor-version":[{"id":15067,"href":"https:\/\/sajec.de\/blog\/wp-json\/wp\/v2\/posts\/15060\/revisions\/15067"}],"wp:attachment":[{"href":"https:\/\/sajec.de\/blog\/wp-json\/wp\/v2\/media?parent=15060"}],"wp:term":[{"taxonomy":"category","embeddable":true,"href":"https:\/\/sajec.de\/blog\/wp-json\/wp\/v2\/categories?post=15060"},{"taxonomy":"post_tag","embeddable":true,"href":"https:\/\/sajec.de\/blog\/wp-json\/wp\/v2\/tags?post=15060"}],"curies":[{"name":"wp","href":"https:\/\/api.w.org\/{rel}","templated":true}]}}