{"id":15088,"date":"2016-10-17T16:27:13","date_gmt":"2016-10-17T14:27:13","guid":{"rendered":"http:\/\/sajec.de\/blog\/?p=15088"},"modified":"2016-10-17T16:29:54","modified_gmt":"2016-10-17T14:29:54","slug":"mamma-mia-vorschatten","status":"publish","type":"post","link":"https:\/\/sajec.de\/blog\/mamma-mia-vorschatten\/","title":{"rendered":"Mamma Mia Vorschatten"},"content":{"rendered":"<p>SPOILER! <!--more-->Nach dem emotional und k\u00f6rperlich weh-tuenden Staffelauftakt brauche ich die Br\u00fcder mehr denn je! Ich kann es nicht erwarten, die zweite Folge zu sehen! Und dann purzeln nat\u00fcrlich auf Twitter Bilder herum und st\u00fcrzen mich in eine Art Taumel, weil ich nicht wei\u00df, wie ich mit dieser Flut von Gef\u00fchlen jetzt schon umgehen soll:<\/p>\n<p><img loading=\"lazy\" decoding=\"async\" class=\"alignnone size-full wp-image-15089\" src=\"http:\/\/sajec.de\/blog\/wp-content\/uploads\/2016\/10\/12-02-1.jpg\" alt=\"12-02-1\" width=\"670\" height=\"447\" srcset=\"https:\/\/sajec.de\/blog\/wp-content\/uploads\/2016\/10\/12-02-1.jpg 670w, https:\/\/sajec.de\/blog\/wp-content\/uploads\/2016\/10\/12-02-1-300x200.jpg 300w\" sizes=\"auto, (max-width: 670px) 100vw, 670px\" \/> <img loading=\"lazy\" decoding=\"async\" class=\"alignnone size-full wp-image-15090\" src=\"http:\/\/sajec.de\/blog\/wp-content\/uploads\/2016\/10\/12-02-2.jpg\" alt=\"12-02-2\" width=\"670\" height=\"447\" srcset=\"https:\/\/sajec.de\/blog\/wp-content\/uploads\/2016\/10\/12-02-2.jpg 670w, https:\/\/sajec.de\/blog\/wp-content\/uploads\/2016\/10\/12-02-2-300x200.jpg 300w\" sizes=\"auto, (max-width: 670px) 100vw, 670px\" \/> <img loading=\"lazy\" decoding=\"async\" class=\"alignnone size-full wp-image-15091\" src=\"http:\/\/sajec.de\/blog\/wp-content\/uploads\/2016\/10\/12-02-3.jpg\" alt=\"12-02-3\" width=\"670\" height=\"447\" srcset=\"https:\/\/sajec.de\/blog\/wp-content\/uploads\/2016\/10\/12-02-3.jpg 670w, https:\/\/sajec.de\/blog\/wp-content\/uploads\/2016\/10\/12-02-3-300x200.jpg 300w\" sizes=\"auto, (max-width: 670px) 100vw, 670px\" \/><\/p>\n<p>Aber Mamma wird&#8217;s schon richten? Don&#8217;t hurt my boys, bitch!<\/p>\n<p>Ich wei\u00df nicht &#8211; SAMMY sieht noch schlimmer aus als am Ende von Season12Episode 1, und da war ich schon fertig. Und wieso ist DEAN auch in Ketten? Wie zum Henker konnte das denn passieren? Wie soll er denn dann SAM umarmen? Arrrrr &#8230; ich krieg das gerade nicht in den Kopf, und schon gar nicht in mein Herz, dass sie mir noch mehr weh tun werden, bevor es besser wird. Es wird doch besser? Aber was w\u00e4re supernatural ohne Drama? (Und unter uns: In den AU stories ist es teilweise noch sehr viel mehr DRAMA und hurt &#8230; und &#8230; vermutlich muss ich doch noch im Jahr 2016\u00a0 einen Psychiater aufsuchen und reden!)<\/p>\n","protected":false},"excerpt":{"rendered":"<p>SPOILER!<\/p>\n","protected":false},"author":2,"featured_media":0,"comment_status":"open","ping_status":"open","sticky":false,"template":"","format":"standard","meta":{"ngg_post_thumbnail":0,"footnotes":""},"categories":[6],"tags":[],"class_list":["post-15088","post","type-post","status-publish","format-standard","hentry","category-supernatural"],"_links":{"self":[{"href":"https:\/\/sajec.de\/blog\/wp-json\/wp\/v2\/posts\/15088","targetHints":{"allow":["GET"]}}],"collection":[{"href":"https:\/\/sajec.de\/blog\/wp-json\/wp\/v2\/posts"}],"about":[{"href":"https:\/\/sajec.de\/blog\/wp-json\/wp\/v2\/types\/post"}],"author":[{"embeddable":true,"href":"https:\/\/sajec.de\/blog\/wp-json\/wp\/v2\/users\/2"}],"replies":[{"embeddable":true,"href":"https:\/\/sajec.de\/blog\/wp-json\/wp\/v2\/comments?post=15088"}],"version-history":[{"count":2,"href":"https:\/\/sajec.de\/blog\/wp-json\/wp\/v2\/posts\/15088\/revisions"}],"predecessor-version":[{"id":15093,"href":"https:\/\/sajec.de\/blog\/wp-json\/wp\/v2\/posts\/15088\/revisions\/15093"}],"wp:attachment":[{"href":"https:\/\/sajec.de\/blog\/wp-json\/wp\/v2\/media?parent=15088"}],"wp:term":[{"taxonomy":"category","embeddable":true,"href":"https:\/\/sajec.de\/blog\/wp-json\/wp\/v2\/categories?post=15088"},{"taxonomy":"post_tag","embeddable":true,"href":"https:\/\/sajec.de\/blog\/wp-json\/wp\/v2\/tags?post=15088"}],"curies":[{"name":"wp","href":"https:\/\/api.w.org\/{rel}","templated":true}]}}