{"id":15600,"date":"2016-11-19T10:16:05","date_gmt":"2016-11-19T09:16:05","guid":{"rendered":"http:\/\/sajec.de\/blog\/?p=15600"},"modified":"2016-11-19T10:16:30","modified_gmt":"2016-11-19T09:16:30","slug":"i-did-it","status":"publish","type":"post","link":"https:\/\/sajec.de\/blog\/i-did-it\/","title":{"rendered":"I did it!"},"content":{"rendered":"<h2 class=\"spruch text\" style=\"text-align: center;\">Ver\u00e4nderung ist immer m\u00f6glich.<br \/>\nWir m\u00fcssen sie nur wollen und dementsprechend handeln.<\/h2>\n<h2 class=\"autor\" style=\"text-align: center;\">\u00a9 Dalai Lama<\/h2>\n<p class=\"autor\" style=\"text-align: center;\">(*1935), (Das L\u00e4cheln des Himmels), eigentlich Tenzin Gyatso, 14. geistiges und politisches Oberhaupt der Tibeter, wurde 1989 mit dem Friedensnobelpreis ausgezeichnet.<\/p>\n<p class=\"autor\" style=\"text-align: justify;\"><img loading=\"lazy\" decoding=\"async\" class=\"alignleft size-full wp-image-15601\" src=\"http:\/\/sajec.de\/blog\/wp-content\/uploads\/2016\/11\/Senden.jpg\" alt=\"senden\" width=\"275\" height=\"114\" \/>Es ist kein Geheimnis, dass ich seit 2003 zwei Jobs habe, die ich mag, in denen ich mich wohl f\u00fchle, auch wenn ich manchmal auch schimpfe. Aber es sind <span style=\"text-decoration: underline;\">meine<\/span> Jobs und ich f\u00fchle mich wohl, wei\u00df, was ich kann und f\u00fcr was ich verantwortlich bin.<\/p>\n<p class=\"autor\" style=\"text-align: justify;\">Und trotzdem &#8230; schickte ich gestern &#8211; Herz wild schlagend &#8211; eine Bewerbung f\u00fcr eine v\u00f6llig neue Vollzeitstelle ab.<\/p>\n<p class=\"autor\" style=\"text-align: justify;\">Das war eine seltsame Woche, als ich bei beiden Chefs um ein Zwischenzeugnis bat. Vormittags-Chef ist nerv\u00f6s, nicht gerade happy, aber ich wei\u00df, dass er mich nicht halten wird; das hat er bei anderen Gelegenheiten oder wann immer das Gespr\u00e4ch auf die Zukunft kam, klipp und klar deutlich gemacht. Wenn sich Gelegenheiten ergeben, die f\u00fcr mich besser sind, dann soll ich sie ergreifen. Er wird mir keine Steine in den Weg legen, aber er wird eben auch nicht versuchen, mich aufzuhalten.\u00a0Als ihm allerdings auch klar wurde, dass er unter Umst\u00e4nden bald wieder selbst die Aktenbuchhaltung am Hals hat, verzog er sich grummelnd in sein B\u00fcro.<br \/>\nDer Nachmittagschef schien geschockt, und sein &#8211; zwar l\u00e4chelndes &#8211; &#8218;Ich hoffe f\u00fcr uns, dass deine Bewerbung keinen Erfolg hat!&#8216; spricht f\u00fcr sich.<\/p>\n<p class=\"autor\" style=\"text-align: justify;\">Nun habe ich also gestern ein Bewerbungsschreiben abgeschickt, und mein Herz klopfte wie wild dabei. Will ich wirklich diesen Schritt gehen? Was, wenn sie mich wirklich haben wollen? Soll ich wirklich das, was ich habe, aufgeben, f\u00fcr ein paar Euros mehr und weniger Stunden pro Woche? Will ich? Andererseits merke ich, wie die Fahrerei jeden Tag an meinen Kr\u00e4ften zehrt, mit jedem Jahr schwieriger wird. Wie lange w\u00fcrde ich das noch durchhalten? Aber was, wenn ich in dem neuen Job (falls ich ihn bekommen sollte) doch nicht hineinpasse? Was, wenn ich gar nicht so gut bin in den dann neuen Aufgaben, die auf mich zukommen? Ich mag es, Klagen und Synopsen zu schreiben.<\/p>\n<p class=\"autor\" style=\"text-align: justify;\">Und so bin ich hin- und hergerissen, aufgeregt und nerv\u00f6s, voller Selbstzweifel und Unsicherheit, und doch auch voller Neugier, was dann kommen k\u00f6nnte. Wenn nicht jetzt, wann dann? Und wenn ich jetzt schon diesen Schritt gegangen bin, auf Senden dr\u00fcckte, die Bewerbung abschickte und damit rechnen muss, dass sich in 2017 mein Berufsleben v\u00f6llig ver\u00e4ndern k\u00f6nnte nach fast 15 Jahren; wenn ich jetzt bereit war, beide Jobs einzutauschen gegen etwas Neues, dann liegt die Vermutung auch nahe, dass ich eigentlich bereit dazu bin, mich zu ver\u00e4ndern; trotz aller Unsicherheiten und Zweifel und \u00c4ngste und Bedauern.<\/p>\n<p class=\"autor\" style=\"text-align: justify;\">Selbst, wenn ich mit der jetzigen Bewerbung nichts erreiche, au\u00dfer\u00a0ein paar nerv\u00f6se Chefs, der erste Schritt in eine m\u00f6gliche Ver\u00e4nderung ist getan, der Gedanke dazu f\u00fchlt sich nicht mehr so g\u00e4nzlich fremd und ungewohnt an &#8230; und es k\u00f6nnten andere Gelegenheiten und Jobangebote kommen, wo es dann m\u00f6glicherweise schon einfacher und weniger Herz klopfend wild sein wird, auf den SENDEN Button zu dr\u00fccken und bereit zu sein, mein Leben umzukrempeln.<\/p>\n<p class=\"quelle\" style=\"text-align: center;\">\n","protected":false},"excerpt":{"rendered":"<p>Ver\u00e4nderung ist immer m\u00f6glich. Wir m\u00fcssen sie nur wollen und dementsprechend handeln. \u00a9 Dalai Lama (*1935), (Das L\u00e4cheln des Himmels), eigentlich Tenzin Gyatso, 14. geistiges und politisches Oberhaupt der Tibeter, wurde 1989 mit dem Friedensnobelpreis ausgezeichnet. Es ist kein Geheimnis, &hellip; <a href=\"https:\/\/sajec.de\/blog\/i-did-it\/\">Weiterlesen <span class=\"meta-nav\">&rarr;<\/span><\/a><\/p>\n","protected":false},"author":2,"featured_media":0,"comment_status":"open","ping_status":"open","sticky":false,"template":"","format":"standard","meta":{"ngg_post_thumbnail":0,"footnotes":""},"categories":[1],"tags":[],"class_list":["post-15600","post","type-post","status-publish","format-standard","hentry","category-tagebuch"],"_links":{"self":[{"href":"https:\/\/sajec.de\/blog\/wp-json\/wp\/v2\/posts\/15600","targetHints":{"allow":["GET"]}}],"collection":[{"href":"https:\/\/sajec.de\/blog\/wp-json\/wp\/v2\/posts"}],"about":[{"href":"https:\/\/sajec.de\/blog\/wp-json\/wp\/v2\/types\/post"}],"author":[{"embeddable":true,"href":"https:\/\/sajec.de\/blog\/wp-json\/wp\/v2\/users\/2"}],"replies":[{"embeddable":true,"href":"https:\/\/sajec.de\/blog\/wp-json\/wp\/v2\/comments?post=15600"}],"version-history":[{"count":2,"href":"https:\/\/sajec.de\/blog\/wp-json\/wp\/v2\/posts\/15600\/revisions"}],"predecessor-version":[{"id":15603,"href":"https:\/\/sajec.de\/blog\/wp-json\/wp\/v2\/posts\/15600\/revisions\/15603"}],"wp:attachment":[{"href":"https:\/\/sajec.de\/blog\/wp-json\/wp\/v2\/media?parent=15600"}],"wp:term":[{"taxonomy":"category","embeddable":true,"href":"https:\/\/sajec.de\/blog\/wp-json\/wp\/v2\/categories?post=15600"},{"taxonomy":"post_tag","embeddable":true,"href":"https:\/\/sajec.de\/blog\/wp-json\/wp\/v2\/tags?post=15600"}],"curies":[{"name":"wp","href":"https:\/\/api.w.org\/{rel}","templated":true}]}}