{"id":15604,"date":"2016-11-20T10:40:22","date_gmt":"2016-11-20T09:40:22","guid":{"rendered":"http:\/\/sajec.de\/blog\/?p=15604"},"modified":"2016-11-20T10:42:15","modified_gmt":"2016-11-20T09:42:15","slug":"mansikent","status":"publish","type":"post","link":"https:\/\/sajec.de\/blog\/mansikent\/","title":{"rendered":"Mansikent"},"content":{"rendered":"<p>Sonntagvormittag; zumindest hatte ich schon Kaffee. Der Tag scheint grau bleiben zu wollen, was ich nur am Rande mitbekomme, denn ernsthaft: Wann war ich das letzte Mal freiwillig drau\u00dfen? Die Canon schnieft traurig in ihrem Schubfach vor sich hin, vernachl\u00e4ssigt. Mein neuer bester Freund ist immer noch das KINDLE, und so verbrachte ich auch diesen Vormittag bisher damit, neue Stories zu finden &#8211; und ich fand! Eine quasi &#8222;Indianer-Geschichte&#8220;. Nun ist sie bereits reader-friendly aufgearbeitet und auf das KINDLE\u00a0geschubst; fertig, um in ihr zu versinken.<\/p>\n<p>Und w\u00e4hrend ich damit besch\u00e4ftigt war, lief via Spotify &#8222;Die W\u00fcste lebt&#8220; von Peter\u00a0Schilling &#8211; immerhin besser als PUR&#8217;s Ein Graues Haar, das sich seit Donnerstag Abend in meinem Kopf festgekrallt hat! &#8211; und ich muss l\u00e4cheln; denn Hey &#8230; da ist das Mansikent! O M G! Was war ich f\u00fcr ein aufgeblasener Besserwisser damals! Es ist schon Ewigkeiten her; Major Tom-Zeiten &#8230; und eben <em>&#8218;Alarmsignal,\u00a0die Sonne brennt, hei\u00dfer als man sie kennt &#8230; &#8218;<\/em> nur dass ich das damals eben nicht verstanden habe, sondern: <em>&#8230; hei\u00dfer als<\/em><strong><em> Mansikent!<\/em> <\/strong>Also musste Mansikent eine andere Sonne sein, irgendwo im Weltall, hei\u00dfer als unsere Sonne &#8211; und das\u00a0versuchte ich dann auch allen Ernstes allen, die es wissen wollten oder auch nicht, als Fakt zu verkaufen! Meine Ohren werden jetzt noch rot vor Verlegenheit, als\u00a0ich endlich meinen Fehler erkannte! *lach*<\/p>\n<p><iframe loading=\"lazy\" src=\"https:\/\/embed.spotify.com\/?uri=spotify%3Atrack%3A4wNekVvWsFDRbZlZnnlt6r\" width=\"300\" height=\"380\" frameborder=\"0\"><\/iframe><\/p>\n","protected":false},"excerpt":{"rendered":"<p>Sonntagvormittag; zumindest hatte ich schon Kaffee. Der Tag scheint grau bleiben zu wollen, was ich nur am Rande mitbekomme, denn ernsthaft: Wann war ich das letzte Mal freiwillig drau\u00dfen? Die Canon schnieft traurig in ihrem Schubfach vor sich hin, vernachl\u00e4ssigt. &hellip; <a href=\"https:\/\/sajec.de\/blog\/mansikent\/\">Weiterlesen <span class=\"meta-nav\">&rarr;<\/span><\/a><\/p>\n","protected":false},"author":2,"featured_media":0,"comment_status":"open","ping_status":"open","sticky":false,"template":"","format":"standard","meta":{"ngg_post_thumbnail":0,"footnotes":""},"categories":[1],"tags":[],"class_list":["post-15604","post","type-post","status-publish","format-standard","hentry","category-tagebuch"],"_links":{"self":[{"href":"https:\/\/sajec.de\/blog\/wp-json\/wp\/v2\/posts\/15604","targetHints":{"allow":["GET"]}}],"collection":[{"href":"https:\/\/sajec.de\/blog\/wp-json\/wp\/v2\/posts"}],"about":[{"href":"https:\/\/sajec.de\/blog\/wp-json\/wp\/v2\/types\/post"}],"author":[{"embeddable":true,"href":"https:\/\/sajec.de\/blog\/wp-json\/wp\/v2\/users\/2"}],"replies":[{"embeddable":true,"href":"https:\/\/sajec.de\/blog\/wp-json\/wp\/v2\/comments?post=15604"}],"version-history":[{"count":3,"href":"https:\/\/sajec.de\/blog\/wp-json\/wp\/v2\/posts\/15604\/revisions"}],"predecessor-version":[{"id":15607,"href":"https:\/\/sajec.de\/blog\/wp-json\/wp\/v2\/posts\/15604\/revisions\/15607"}],"wp:attachment":[{"href":"https:\/\/sajec.de\/blog\/wp-json\/wp\/v2\/media?parent=15604"}],"wp:term":[{"taxonomy":"category","embeddable":true,"href":"https:\/\/sajec.de\/blog\/wp-json\/wp\/v2\/categories?post=15604"},{"taxonomy":"post_tag","embeddable":true,"href":"https:\/\/sajec.de\/blog\/wp-json\/wp\/v2\/tags?post=15604"}],"curies":[{"name":"wp","href":"https:\/\/api.w.org\/{rel}","templated":true}]}}