{"id":15726,"date":"2017-01-05T17:23:29","date_gmt":"2017-01-05T16:23:29","guid":{"rendered":"http:\/\/sajec.de\/blog\/?p=15726"},"modified":"2017-01-05T17:23:29","modified_gmt":"2017-01-05T16:23:29","slug":"der-erste-2-17","status":"publish","type":"post","link":"https:\/\/sajec.de\/blog\/der-erste-2-17\/","title":{"rendered":"Der Erste 2-17"},"content":{"rendered":"<p>Tja, da ist es nun da, das <strong>2017<\/strong>. Schon 5 Tage alt, und doch f\u00fchlt es sich f\u00fcr mich so an, als w\u00e4re gar nichts passiert. Alles ist wie immer: das Scheibenwischwasser am Mazda ist st\u00e4ndig alle, B\u00fcro-Hektik, Gerangel an der Kaffeemaschine, irgendwann geschafft zu Hause an ein paar Schnitten knabbern (denn das muss aufh\u00f6ren, dass der Pizza- und Nudelbringdienst jeden zweiten Tag klingelt und meine Lieblingsjeans verengt!). Dann supernatural oder neuerdings auch QaF, wobei supernatural immer und f\u00fcr alle Zeiten besonders bleiben wird &#8230;\u00a0 also jedenfalls sobald ich irgendwie kann, fl\u00fcchte ich in mein Universum; und dann f\u00e4ngt alles schon wieder von vorn an.<\/p>\n<p>Bis auf heute. Heute ist mir mein Handy auf den Steinfliesenboden geplatscht. Display im Arsch. Trotz Schutzh\u00fclle und Kram. Es funktioniert zwar noch, aber es sieht A) Schei\u00dfe aus, f\u00fchlt sich B) beim Touchen Schei\u00dfe an und ich bef\u00fcrchte C) dass es demn\u00e4chst qualvoll v\u00f6llig verenden wird; was mich dann vor zahlreiche Probleme stellen wird. Denn:<\/p>\n<p>Morgens weckt es mich, es stellt die Bad-Musik an, so dass ich beim Z\u00e4hneputzen meinen Radiosender und die Nachrichten h\u00f6ren kann, ich schalte \u00fcber das Handy das Wohnungslicht an und aus oder wechsel die Farbe und selbst die Lautst\u00e4rke des TVs (wenn er dann mal l\u00e4uft) wird \u00fcber das kleine Ding geregelt. Wenn es also stirbt, bekomme ich ernsthafte Probleme und muss schlimmstenfalls zu Hause im Dunkeln sitzen mit Ohne Musik! Mist! Mist! Mist!<\/p>\n<p>Aber wenigstens meinem KINDL geht es gut. Hey, w\u00e4re das meinem KINDL passiert, w\u00fcrde ich heute wahrscheinlich durchgedreht sein. V\u00f6llig! Total! Wie konnte ich nur so lange ohne KINDL \u00fcberleben? Wie habe ich das vorher gemacht?<\/p>\n<p>Nun, wie auch immer &#8230; ich bin mir noch nicht so ganz im klaren, was ich von 2017 halten soll, und deshalb bleibe ich erst mal misstrauisch vorsichtig.<\/p>\n","protected":false},"excerpt":{"rendered":"<p>Tja, da ist es nun da, das 2017. Schon 5 Tage alt, und doch f\u00fchlt es sich f\u00fcr mich so an, als w\u00e4re gar nichts passiert. Alles ist wie immer: das Scheibenwischwasser am Mazda ist st\u00e4ndig alle, B\u00fcro-Hektik, Gerangel an &hellip; <a href=\"https:\/\/sajec.de\/blog\/der-erste-2-17\/\">Weiterlesen <span class=\"meta-nav\">&rarr;<\/span><\/a><\/p>\n","protected":false},"author":2,"featured_media":0,"comment_status":"open","ping_status":"open","sticky":false,"template":"","format":"standard","meta":{"ngg_post_thumbnail":0,"footnotes":""},"categories":[1],"tags":[],"class_list":["post-15726","post","type-post","status-publish","format-standard","hentry","category-tagebuch"],"_links":{"self":[{"href":"https:\/\/sajec.de\/blog\/wp-json\/wp\/v2\/posts\/15726","targetHints":{"allow":["GET"]}}],"collection":[{"href":"https:\/\/sajec.de\/blog\/wp-json\/wp\/v2\/posts"}],"about":[{"href":"https:\/\/sajec.de\/blog\/wp-json\/wp\/v2\/types\/post"}],"author":[{"embeddable":true,"href":"https:\/\/sajec.de\/blog\/wp-json\/wp\/v2\/users\/2"}],"replies":[{"embeddable":true,"href":"https:\/\/sajec.de\/blog\/wp-json\/wp\/v2\/comments?post=15726"}],"version-history":[{"count":1,"href":"https:\/\/sajec.de\/blog\/wp-json\/wp\/v2\/posts\/15726\/revisions"}],"predecessor-version":[{"id":15727,"href":"https:\/\/sajec.de\/blog\/wp-json\/wp\/v2\/posts\/15726\/revisions\/15727"}],"wp:attachment":[{"href":"https:\/\/sajec.de\/blog\/wp-json\/wp\/v2\/media?parent=15726"}],"wp:term":[{"taxonomy":"category","embeddable":true,"href":"https:\/\/sajec.de\/blog\/wp-json\/wp\/v2\/categories?post=15726"},{"taxonomy":"post_tag","embeddable":true,"href":"https:\/\/sajec.de\/blog\/wp-json\/wp\/v2\/tags?post=15726"}],"curies":[{"name":"wp","href":"https:\/\/api.w.org\/{rel}","templated":true}]}}