{"id":16011,"date":"2017-04-11T17:32:31","date_gmt":"2017-04-11T15:32:31","guid":{"rendered":"http:\/\/sajec.de\/blog\/?p=16011"},"modified":"2017-04-11T17:35:39","modified_gmt":"2017-04-11T15:35:39","slug":"das-gepresste-update","status":"publish","type":"post","link":"https:\/\/sajec.de\/blog\/das-gepresste-update\/","title":{"rendered":"Das gepresste Update"},"content":{"rendered":"<p>Hoppla &#8211; da ist auch der April schon wieder mitten drin, und ich mitten drin; nur der Blog nicht. Und es ist meine Schuld! Deswegen gibt es jetzt noch fix ein gepresstes &#8211; aber aus bestimmten Gr\u00fcnden nicht ganz vollst\u00e4ndiges &#8211; Life update.<\/p>\n<p>1. <strong>Der Mazda, die Gummib\u00e4rchen und der T\u00dcV<\/strong><\/p>\n<p>Anruf meinerseits bei den Rotjacken: <em>&#8222;Hier ist &#8230; also ich bin hier, und mein Mazda, der mit dem D\u00e4monenblockzeichen, m\u00f6chte T\u00dcV haben!&#8220;<\/em> sprach ich ins Telefon; worauf es durch das Telefon zur\u00fccksprach: &#8222;Joa, der hat ja die und die Autokennzeichen, den schubsen wir Freitag mit ins Programm, sollte kein Problem sein.&#8220;<br \/>\nH\u00e4? Wie jetzt, die wissen sofort auf Anhieb, welcher Mazda? Ich war erstaunt, der diensthabende Rotjackenmensch grinste h\u00f6rbar und meinte nur lapidar: &#8222;Den Mazda kennen wir gut! Der ist bei uns in guten H\u00e4nden.&#8220; Oder so. Doch:<br \/>\nEs hat nicht funktioniert! Die Gummib\u00e4rchen, strategisch platziert und mit Memo-&#8222;Vernasch-Mich!-Klebezetteln versehen, haben ihren Charme definitiv verschossen (waren aber trotzdem wie erwartet alle). Oder MAZDA kommt einfach in die Jahre, sein Kilometerstand ja auch; jedenfalls fanden sie, die Rotjacken, einiges zum Rumn\u00f6rgeln:&nbsp; Bremse hinten (huch?), irgendeine bescheuerte Aufh\u00e4ngung vorne, Gummi<del>b\u00e4rchen<\/del>abdichtungen da und dort &#8230; Am Ende war ich um 750 Ocken \u00e4rmer, aber der Mazda ist jetzt wieder T\u00fcV-gepr\u00fcft unterwegs; und was h\u00e4tte ich auch machen sollen? Ich brauche ihn ja.<\/p>\n<p>Dadurch, dass MAZDA aber dann nicht wie geplant am Samstag wieder freigekauft werden konnte von den Rotjacken, hatte ich spontan <strong>Halb-Urlaub<\/strong>. D. h. Montag- und Dienstagnachmittag frei. Yippi! Lucky me! Ich musste nicht so fr\u00fch raus und nur ins Vormittagsb\u00fcro, war aber nachmittags schon wieder zu Hause und konnte mich hingeben. *hust* Den Geschichten, und der Serie! QaF! Fragt nicht! English lies ich schlicht am Montag ausfallen, einmal werden die ja wohl auf mich verzichten k\u00f6nnen.<\/p>\n<p>2. Der Updateteil, der sich um die derzeitige <strong>Stimmung<\/strong> im Anwaltsb\u00fcro und deren Ursache drehen sollte, muss leider unter Verschluss gehalten werden. Nur so viel: Es knackste am Freitag, genau 22 Minuten vor dem Wochenende, und seitdem herrscht Frost. Die n\u00e4chsten Wochen werden anstrengend, noch frostiger (f\u00fcrchte ich) und ich bekomme keinen m\u00e4nnlichen Kollegen, der sich mit mir um meine DEAN-Tasse zanken w\u00fcrde.<\/p>\n<p>3. Derzeit scheitere ich grandios und st\u00e4ndig am <strong>C-Akkord<\/strong>, habe aber C7, E7 und A7 jetzt dazu gelernt; und ab und an klingt es sogar schon so, <del>als wenn ich w\u00fcsste, was ich tue<\/del>; als wenn es richtig w\u00e4re mit dem Begleitschrammeln. Die Fingerkuppen der linken Hand l\u00f6sen sich auf, ich habe kein Gef\u00fchl mehr in den Fingern. Die Auswirkungen davon &#8230; detailliere ich jetzt besser nicht.<\/p>\n<p>4. Ja, <strong>supernatural<\/strong> spielt immer noch eine Rolle &#8211; zumindest freitags. Allerdings musste ich letztens ziemlich in mich gehen, um \u00fcberhaupt ins Gehirn zu bekommen, was in der letzten Folge passiert ist (obwohl es ohne Frage eine gute Folge war! und ich gerade mal an einem Dienstag nachzudenken hatte, was letzten Freitag in der supernatural-Welt passiert ist). Zu viel <strong>QaF im Kopf<\/strong>, besonders am WE, wo ich n\u00e4mlich mehr oder weniger mit einer Twitterfreundin Szene f\u00fcr Szene, Blick f\u00fcr Blick, Song f\u00fcr Song, Worte, die gesagt wurden, Worte, die nicht gesagt wurden, die anders gesagt wurden &#8230;. auseinandernehme.<\/p>\n<p>5. <strong>Hawaii<\/strong> &#8211; ich habe meinen ESTA Dingenskirchen beantragt; und trotz meines beleidigenden frustrieren Trump-Tweet kurz nach der nervenaufreibenden verfluchten Odysse durch den Antragsmist auch genehmigt bekommen. Hakt da ernsthaft irgendwer an &#8222;Ja, ich habe die Absicht, eine terroristischen Anschlag zu ver\u00fcben!&#8220;? Meine G\u00fcte, und was die alles wissen woll(t)en: Den Namen meiner Eltern &#8230; meinen Arbeitgeber &#8230; meinen Twitter-Namen! Nach 40 Minuten hatte ich mich durchgek\u00e4mpft mit Jo&#8217;s Hilfe!<\/p>\n<p>6. Was noch? N\u00fcscht &#8211; ich lese da gerade eine <strong>Geschichte<\/strong>, eine laaaaaaaange Geschichte &#8230;. bin jetzt bei knapp 65 %, und ich f\u00fcrchte ein wenig die Minute, wo ich&nbsp; bei &#8222;The (happy) End &#8230;. until the next sequel&#8220; angekommen sein werde, denn die Ank\u00fcndigung auf eine Fortsetzung stammt aus M\u00e4rz 2006; und dann kam nichts mehr. Das Verfallsdatum f\u00fcr Hoffnung d\u00fcrfte damit \u00fcberschritten sein. Doch es ist ja nicht so, dass mein KINDLE nicht sowieso schon zu platzen droht!<\/p>\n","protected":false},"excerpt":{"rendered":"<p>Hoppla &#8211; da ist auch der April schon wieder mitten drin, und ich mitten drin; nur der Blog nicht. Und es ist meine Schuld! Deswegen gibt es jetzt noch fix ein gepresstes &#8211; aber aus bestimmten Gr\u00fcnden nicht ganz vollst\u00e4ndiges &hellip; <a href=\"https:\/\/sajec.de\/blog\/das-gepresste-update\/\">Weiterlesen <span class=\"meta-nav\">&rarr;<\/span><\/a><\/p>\n","protected":false},"author":2,"featured_media":0,"comment_status":"open","ping_status":"open","sticky":false,"template":"","format":"standard","meta":{"ngg_post_thumbnail":0,"footnotes":""},"categories":[1],"tags":[],"class_list":["post-16011","post","type-post","status-publish","format-standard","hentry","category-tagebuch"],"_links":{"self":[{"href":"https:\/\/sajec.de\/blog\/wp-json\/wp\/v2\/posts\/16011","targetHints":{"allow":["GET"]}}],"collection":[{"href":"https:\/\/sajec.de\/blog\/wp-json\/wp\/v2\/posts"}],"about":[{"href":"https:\/\/sajec.de\/blog\/wp-json\/wp\/v2\/types\/post"}],"author":[{"embeddable":true,"href":"https:\/\/sajec.de\/blog\/wp-json\/wp\/v2\/users\/2"}],"replies":[{"embeddable":true,"href":"https:\/\/sajec.de\/blog\/wp-json\/wp\/v2\/comments?post=16011"}],"version-history":[{"count":3,"href":"https:\/\/sajec.de\/blog\/wp-json\/wp\/v2\/posts\/16011\/revisions"}],"predecessor-version":[{"id":16014,"href":"https:\/\/sajec.de\/blog\/wp-json\/wp\/v2\/posts\/16011\/revisions\/16014"}],"wp:attachment":[{"href":"https:\/\/sajec.de\/blog\/wp-json\/wp\/v2\/media?parent=16011"}],"wp:term":[{"taxonomy":"category","embeddable":true,"href":"https:\/\/sajec.de\/blog\/wp-json\/wp\/v2\/categories?post=16011"},{"taxonomy":"post_tag","embeddable":true,"href":"https:\/\/sajec.de\/blog\/wp-json\/wp\/v2\/tags?post=16011"}],"curies":[{"name":"wp","href":"https:\/\/api.w.org\/{rel}","templated":true}]}}