{"id":16100,"date":"2017-05-07T11:55:01","date_gmt":"2017-05-07T09:55:01","guid":{"rendered":"http:\/\/sajec.de\/blog\/?p=16100"},"modified":"2017-05-07T11:56:01","modified_gmt":"2017-05-07T09:56:01","slug":"die-forderung-der-kakerlaken-grille","status":"publish","type":"post","link":"https:\/\/sajec.de\/blog\/die-forderung-der-kakerlaken-grille\/","title":{"rendered":"Die Forderung der Kakerlaken-Grille"},"content":{"rendered":"<p>Monatelang tr\u00e4umte ich gar nicht, jedenfalls blieb nichts in Erinnerung, wenn der Wecker viel zu zeitig mal wieder einen neuen B\u00fcrotag einklingelte. Vermutlich liegt\/lag das Traumlos-Sein darin begr\u00fcndet, dass ich zu wenig schlafe. Ich habe einfach keine Zeit mehr, da sind zu viele stories, die ich finden und lesen muss &#8230;&nbsp;<br \/>\nWie auch immer, in letzter Zeit hab ich wieder seltsame Tr\u00e4ume, und ich meine seltsam! Sie ergeben meistens so gar keinen Sinn. Also im Sinne von \u00fcberhaupt nicht!<\/p>\n<p>Oder wie soll ich es mir erkl\u00e4ren, dass ich in einer v\u00f6llig fremden heruntergekommenen Bruchbude auf einer ausgewaschenen Matratze aufwache, weil eine Mischung aus Kakerlake und Grille w\u00fctend an meine Holzt\u00fcr h\u00e4mmerte und darauf bestand, dass ich nun den Truck besteige um zur neuen Arbeitsstelle zu fahren? Es ergibt so gar keinen Sinn! Nicht im geringsten. Das habe ich auch versucht, der Kakerlaken-Grille zu erkl\u00e4ren, aber die schnappte sich nur einen Aktenkoffer, stolzierte hochm\u00fctig den sch\u00e4bigen Flur entlang und verschwand in einem Loch.&nbsp;<br \/>\nIch stand in einen flauschigen Bademantel geh\u00fcllt barfu\u00df im Flur und blickte auf meine sch\u00e4bige Absteige, seufzte und entschied, dass mir keine andere Wahl blieb, als den neuen Job anzunehmen &#8211; barfu\u00df, im Bademantel.&nbsp;<\/p>\n<p>Welche Drogen bitte nimmt mein Traumdealer?<\/p>\n","protected":false},"excerpt":{"rendered":"<p>Monatelang tr\u00e4umte ich gar nicht, jedenfalls blieb nichts in Erinnerung, wenn der Wecker viel zu zeitig mal wieder einen neuen B\u00fcrotag einklingelte. Vermutlich liegt\/lag das Traumlos-Sein darin begr\u00fcndet, dass ich zu wenig schlafe. Ich habe einfach keine Zeit mehr, da &hellip; <a href=\"https:\/\/sajec.de\/blog\/die-forderung-der-kakerlaken-grille\/\">Weiterlesen <span class=\"meta-nav\">&rarr;<\/span><\/a><\/p>\n","protected":false},"author":2,"featured_media":0,"comment_status":"open","ping_status":"open","sticky":false,"template":"","format":"standard","meta":{"ngg_post_thumbnail":0,"footnotes":""},"categories":[7],"tags":[],"class_list":["post-16100","post","type-post","status-publish","format-standard","hentry","category-traumsequenzen"],"_links":{"self":[{"href":"https:\/\/sajec.de\/blog\/wp-json\/wp\/v2\/posts\/16100","targetHints":{"allow":["GET"]}}],"collection":[{"href":"https:\/\/sajec.de\/blog\/wp-json\/wp\/v2\/posts"}],"about":[{"href":"https:\/\/sajec.de\/blog\/wp-json\/wp\/v2\/types\/post"}],"author":[{"embeddable":true,"href":"https:\/\/sajec.de\/blog\/wp-json\/wp\/v2\/users\/2"}],"replies":[{"embeddable":true,"href":"https:\/\/sajec.de\/blog\/wp-json\/wp\/v2\/comments?post=16100"}],"version-history":[{"count":2,"href":"https:\/\/sajec.de\/blog\/wp-json\/wp\/v2\/posts\/16100\/revisions"}],"predecessor-version":[{"id":16102,"href":"https:\/\/sajec.de\/blog\/wp-json\/wp\/v2\/posts\/16100\/revisions\/16102"}],"wp:attachment":[{"href":"https:\/\/sajec.de\/blog\/wp-json\/wp\/v2\/media?parent=16100"}],"wp:term":[{"taxonomy":"category","embeddable":true,"href":"https:\/\/sajec.de\/blog\/wp-json\/wp\/v2\/categories?post=16100"},{"taxonomy":"post_tag","embeddable":true,"href":"https:\/\/sajec.de\/blog\/wp-json\/wp\/v2\/tags?post=16100"}],"curies":[{"name":"wp","href":"https:\/\/api.w.org\/{rel}","templated":true}]}}