{"id":16187,"date":"2017-06-21T16:52:32","date_gmt":"2017-06-21T14:52:32","guid":{"rendered":"http:\/\/sajec.de\/blog\/?p=16187"},"modified":"2017-06-21T17:00:09","modified_gmt":"2017-06-21T15:00:09","slug":"tja-nun","status":"publish","type":"post","link":"https:\/\/sajec.de\/blog\/tja-nun\/","title":{"rendered":"Tja nun &#8230;"},"content":{"rendered":"<p>&#8230; es ist Sommer. Genau genommen ist heute Sommersonnenwende. Nicht, dass ich deswegen ausflippen und nackt im Wald tanzen w\u00fcrde! Vermutlich eher nicht. Daf\u00fcr habe ich gar keine Zeit. Und keinen Wald. Und nackt &#8230;&nbsp; lassen wir das lieber, das soll hier ja keine Gruselkomponente bekommen.<\/p>\n<p>Eigentlich wei\u00df ich auch gar nicht, was ich genau jetzt unbedingt bloggen wollte, sollte, k\u00f6nnte? Es ist warm! Aber das ist ein Statement, mit dem auf Twitter schon seit Tagen qualvoll gehandelt und geworfen wird. Letzte Woche war es noch: Kann jetzt mal der bl\u00f6de Regen aufh\u00f6ren? Und davor die Woche: Wann wird es endlich warm?<\/p>\n<p>Jammern k\u00f6nnte ich auch gut, denn ich habe Knie. Extremst! Schlimmer als zuvor. Aber wer will das Gejammer schon h\u00f6ren? Ich selbst ja auch nicht mehr. Also lass ich das auch besser sein und jaule nur ab und an still vor mich hin und auf, wenn es mich wieder erwischt, eiskalt und unerwartet, der Knieschmerz; als wenn das Gelenk rausspringt. Kurzer Schmerzblitz, Aufschrei und Grimasse meinerseits, zeitweises Gehinke und Gehumpel, dass ich ernsthaft \u00fcber die Anschaffung eines Rollators (mit KINDLE-Haltung nachdenke) &#8230; und dann zur\u00fcck zum Alltag. Wer hat schon Zeit f\u00fcr Knie? Bin ja froh, dass R\u00fccken jetzt wenigstens brav die Klappe h\u00e4lt. Knie UND R\u00fccken im gleichzeitigen Aufruhr w\u00e4re dann wirklich eine Bestrafung!<\/p>\n<p>Gestern habe ich verpennt. [Mir fiel gerade wieder ein, was ich bloggen wollte!] Wie gesagt: Gestern habe ich verpennt. F\u00fcnfminutenvorsieben [sieht das nicht total &#8230; strange aus, wenn man Uhrzeiten so schreibt?] &#8230; wurde ich wach. Freiwillig. Ich war wohl fertig mit Schlafen. Die Sonne zwitscherte in mein Schlafstubendachgeschossloch, ein paar V\u00f6gel scheinten auch. Oder so. Ich blinkerte verwirrt und dachte noch bei mir, dass das eventuell wieder so ein Morgen ist, wo ich 1 Stunde vor dem Weckergefiepe wach bin &#8211; und dann noch lesen kann! (Was auch sonst?!)<br \/>\nIch blinzelte also auf das Handy. F\u00fcnfminutenvorsieben! WHAT THE HELL? Um 7 soll ich im B\u00fcro sein! Nein, nat\u00fcrlich habe ich das KINDLE liegen gelassen; so unverfroren bin ich dann doch nicht, sondern st\u00fcrmte wie angestochen aus dem Bett direkt ins Bad, sp\u00fclte die Z\u00e4hne, schl\u00fcpfte fluchend in Klamotten, die da so herumlagen, schnappte mir mein Mittagsgem\u00fcse aus dem K\u00fchlschrank und schlitterte \u00fcber den verwirrten Kater und ungek\u00e4mmt aus der Wohnung, um 20 Minuten sp\u00e4ter im B\u00fcro aufzuschlagen und so zu tun, als w\u00e4re alles in Ordnung. Derweil stand wohl die Gefrierschrankt\u00fcr zu Hause offen. Super! Wieso ich das H\u00e4nd\u00fc-Wecken nicht geh\u00f6rt \/ ignoriert habe, kann ich nicht erkl\u00e4ren. Heute morgen (mit doppelter Wecker-Absicherung vorsichtshalber), war ich (wieder) eine Stunde vor dem H\u00e4nd\u00fc wach, das dann auch brav wie es sollte fiepte. Merkw\u00fcrdig. Tja, nun &#8230;<\/p>\n<p>Am kommenden Sonnabendnachmittag hei\u00dft es wieder JIB-Ticket-Bestellwahnsinn! Betonung auf Wahnsinn! Da ich dieses Jahr nicht bei der JIB in Rom war, darf ich meine Ticket-Haben-Will-Email im letzten Block absenden, nachdem die meisten anderen schon am Freitag oder zumindest eine Stunde vor mir ihre Emails nach Italien gesendet haben werden. Ganz ehrlich? Ich habe keine gro\u00dfe Hoffnung derzeit, dass das klappt; aber ich werde es versuchen. Zumindest das. Es kommt, was kommt, wie es kommt. Hey! Ich bin total entspannt &#8211; noch!<\/p>\n<p>Mit dem Arbeitskram f\u00fcr heute bin ich durch. Ich habe nicht viel zu berichten. Mein Leben (das, was ihr seht) ist ereignislos und unspektakul\u00e4r; mein Universum ist es nicht! Deswegen: (credits to <strong><span style=\"color: #333399;\">@7wildwaysup<\/span><\/strong> )<\/p>\n<p><a href=\"http:\/\/sajec.de\/blog\/wp-content\/uploads\/2017\/06\/BrianandJustin.jpg\"><img loading=\"lazy\" decoding=\"async\" class=\"alignnone size-full wp-image-16190\" src=\"http:\/\/sajec.de\/blog\/wp-content\/uploads\/2017\/06\/BrianandJustin.jpg\" alt=\"\" width=\"1016\" height=\"582\" srcset=\"https:\/\/sajec.de\/blog\/wp-content\/uploads\/2017\/06\/BrianandJustin.jpg 1016w, https:\/\/sajec.de\/blog\/wp-content\/uploads\/2017\/06\/BrianandJustin-300x172.jpg 300w, https:\/\/sajec.de\/blog\/wp-content\/uploads\/2017\/06\/BrianandJustin-768x440.jpg 768w\" sizes=\"auto, (max-width: 1016px) 100vw, 1016px\" \/><\/a><\/p>\n","protected":false},"excerpt":{"rendered":"<p>&#8230; es ist Sommer. Genau genommen ist heute Sommersonnenwende. Nicht, dass ich deswegen ausflippen und nackt im Wald tanzen w\u00fcrde! Vermutlich eher nicht. Daf\u00fcr habe ich gar keine Zeit. Und keinen Wald. Und nackt &#8230;&nbsp; lassen wir das lieber, das &hellip; <a href=\"https:\/\/sajec.de\/blog\/tja-nun\/\">Weiterlesen <span class=\"meta-nav\">&rarr;<\/span><\/a><\/p>\n","protected":false},"author":2,"featured_media":0,"comment_status":"open","ping_status":"open","sticky":false,"template":"","format":"standard","meta":{"ngg_post_thumbnail":0,"footnotes":""},"categories":[1,24],"tags":[],"class_list":["post-16187","post","type-post","status-publish","format-standard","hentry","category-tagebuch","category-status"],"_links":{"self":[{"href":"https:\/\/sajec.de\/blog\/wp-json\/wp\/v2\/posts\/16187","targetHints":{"allow":["GET"]}}],"collection":[{"href":"https:\/\/sajec.de\/blog\/wp-json\/wp\/v2\/posts"}],"about":[{"href":"https:\/\/sajec.de\/blog\/wp-json\/wp\/v2\/types\/post"}],"author":[{"embeddable":true,"href":"https:\/\/sajec.de\/blog\/wp-json\/wp\/v2\/users\/2"}],"replies":[{"embeddable":true,"href":"https:\/\/sajec.de\/blog\/wp-json\/wp\/v2\/comments?post=16187"}],"version-history":[{"count":3,"href":"https:\/\/sajec.de\/blog\/wp-json\/wp\/v2\/posts\/16187\/revisions"}],"predecessor-version":[{"id":16191,"href":"https:\/\/sajec.de\/blog\/wp-json\/wp\/v2\/posts\/16187\/revisions\/16191"}],"wp:attachment":[{"href":"https:\/\/sajec.de\/blog\/wp-json\/wp\/v2\/media?parent=16187"}],"wp:term":[{"taxonomy":"category","embeddable":true,"href":"https:\/\/sajec.de\/blog\/wp-json\/wp\/v2\/categories?post=16187"},{"taxonomy":"post_tag","embeddable":true,"href":"https:\/\/sajec.de\/blog\/wp-json\/wp\/v2\/tags?post=16187"}],"curies":[{"name":"wp","href":"https:\/\/api.w.org\/{rel}","templated":true}]}}